{"id":11248,"date":"2021-02-05T12:52:50","date_gmt":"2021-02-05T11:52:50","guid":{"rendered":"https:\/\/www.rajapack.no\/blog-no\/?p=11248"},"modified":"2022-04-05T10:56:04","modified_gmt":"2022-04-05T08:56:04","slug":"guide-til-baerekraftig-emballasje-del-1","status":"publish","type":"post","link":"https:\/\/www.rajapack.no\/blog-no\/guide-til-baerekraftig-emballasje-del-1","title":{"rendered":"Guide til b\u00e6rekraftig emballasje &#8211; del 1"},"content":{"rendered":"\n<h2 class=\"wp-block-heading\"><span class=\"ez-toc-section\" id=\"Tenk_baerekraft_nar_du_velger_emballasje\"><\/span><strong>Tenk b\u00e6rekraft n\u00e5r du velger emballasje!<\/strong><span class=\"ez-toc-section-end\"><\/span><\/h2>\n\n\n\n<p>Helt siden oppstarten i 1954 har RAJA fokusert p\u00e5 milj\u00f8, og over flere ti\u00e5r har vi styrket v\u00e5r satsing p\u00e5 b\u00e6rekraftig utvikling. Som en av Europas ledende emballasjeleverand\u00f8rer har alle selskapene i RAJA-gruppen forpliktet seg til \u00e5 ta vare p\u00e5 milj\u00f8et.<\/p><div id=\"ez-toc-container\" class=\"ez-toc-v2_0_67_1 counter-hierarchy ez-toc-counter ez-toc-grey ez-toc-container-direction\">\n<div class=\"ez-toc-title-container\">\n<p class=\"ez-toc-title \" >Innhold<\/p>\n<span class=\"ez-toc-title-toggle\"><a href=\"#\" class=\"ez-toc-pull-right ez-toc-btn ez-toc-btn-xs ez-toc-btn-default ez-toc-toggle\" aria-label=\"Toggle Table of Content\"><span class=\"ez-toc-js-icon-con\"><span class=\"\"><span class=\"eztoc-hide\" style=\"display:none;\">Toggle<\/span><span class=\"ez-toc-icon-toggle-span\"><svg style=\"fill: #999;color:#999\" xmlns=\"http:\/\/www.w3.org\/2000\/svg\" class=\"list-377408\" width=\"20px\" height=\"20px\" viewBox=\"0 0 24 24\" fill=\"none\"><path d=\"M6 6H4v2h2V6zm14 0H8v2h12V6zM4 11h2v2H4v-2zm16 0H8v2h12v-2zM4 16h2v2H4v-2zm16 0H8v2h12v-2z\" fill=\"currentColor\"><\/path><\/svg><svg style=\"fill: #999;color:#999\" class=\"arrow-unsorted-368013\" xmlns=\"http:\/\/www.w3.org\/2000\/svg\" width=\"10px\" height=\"10px\" viewBox=\"0 0 24 24\" version=\"1.2\" baseProfile=\"tiny\"><path d=\"M18.2 9.3l-6.2-6.3-6.2 6.3c-.2.2-.3.4-.3.7s.1.5.3.7c.2.2.4.3.7.3h11c.3 0 .5-.1.7-.3.2-.2.3-.5.3-.7s-.1-.5-.3-.7zM5.8 14.7l6.2 6.3 6.2-6.3c.2-.2.3-.5.3-.7s-.1-.5-.3-.7c-.2-.2-.4-.3-.7-.3h-11c-.3 0-.5.1-.7.3-.2.2-.3.5-.3.7s.1.5.3.7z\"\/><\/svg><\/span><\/span><\/span><\/a><\/span><\/div>\n<nav><ul class='ez-toc-list ez-toc-list-level-1 ' ><li class='ez-toc-page-1 ez-toc-heading-level-2'><a class=\"ez-toc-link ez-toc-heading-1\" href=\"https:\/\/www.rajapack.no\/blog-no\/guide-til-baerekraftig-emballasje-del-1\/#Tenk_baerekraft_nar_du_velger_emballasje\" title=\"Tenk b\u00e6rekraft n\u00e5r du velger emballasje!\">Tenk b\u00e6rekraft n\u00e5r du velger emballasje!<\/a><\/li><li class='ez-toc-page-1 ez-toc-heading-level-2'><a class=\"ez-toc-link ez-toc-heading-2\" href=\"https:\/\/www.rajapack.no\/blog-no\/guide-til-baerekraftig-emballasje-del-1\/#Baerekraftig_emballasje\" title=\"B\u00e6rekraftig emballasje\">B\u00e6rekraftig emballasje<\/a><\/li><li class='ez-toc-page-1 ez-toc-heading-level-2'><a class=\"ez-toc-link ez-toc-heading-3\" href=\"https:\/\/www.rajapack.no\/blog-no\/guide-til-baerekraftig-emballasje-del-1\/#Postesker\" title=\"Postesker\">Postesker<\/a><\/li><li class='ez-toc-page-1 ez-toc-heading-level-2'><a class=\"ez-toc-link ez-toc-heading-4\" href=\"https:\/\/www.rajapack.no\/blog-no\/guide-til-baerekraftig-emballasje-del-1\/#E-handelsposer_av_resirkulert_plast\" title=\"E-handelsposer av resirkulert plast\">E-handelsposer av resirkulert plast<\/a><\/li><li class='ez-toc-page-1 ez-toc-heading-level-2'><a class=\"ez-toc-link ez-toc-heading-5\" href=\"https:\/\/www.rajapack.no\/blog-no\/guide-til-baerekraftig-emballasje-del-1\/#Pappkonvolutter_laget_av_resirkulerte_materialer\" title=\"Pappkonvolutter laget av resirkulerte materialer \">Pappkonvolutter laget av resirkulerte materialer <\/a><\/li><li class='ez-toc-page-1 ez-toc-heading-level-2'><a class=\"ez-toc-link ez-toc-heading-6\" href=\"https:\/\/www.rajapack.no\/blog-no\/guide-til-baerekraftig-emballasje-del-1\/#Pakketape_Papirtape_resirkulerbar_sammen_med_pappesken\" title=\"Pakketape: Papirtape, resirkulerbar sammen med pappesken\">Pakketape: Papirtape, resirkulerbar sammen med pappesken<\/a><\/li><\/ul><\/nav><\/div>\n\n\n\n\n<p>For RAJA er det viktig at kundene alltid kan velge milj\u00f8vennlige alternativer. Derfor legger vi vekt p\u00e5 \u00e5 tilby gr\u00f8nne alternativer i nettbutikken, blant annet gjenbruksemballasje og biologisk nedbrytbar emballasje.<\/p>\n\n\n\n<p>\u00c5 satse p\u00e5 b\u00e6rekraft er b\u00e5de l\u00f8nnsomt og bra for naturen. Det gir deg en mulighet til \u00e5 bygge omd\u00f8mme, skille deg positivt fra konkurrentene og forbedre opplevelsen for kundene dine.<\/p>\n\n\n\n<p>De siste \u00e5rene har utvalget av milj\u00f8vennlig emballasje \u00f8kt kraftig, og nedenfor har vi h\u00e5ndplukket noen av favorittene v\u00e5re, slik at du kan bli inspirert til \u00e5 gi bedriften et gr\u00f8nnere avtrykk.<\/p>\n\n\n\n<p><a href=\"https:\/\/www.rajapack.no\/miljo\/miljovennlig-emballasje_cms_000041.html\" target=\"_blank\" rel=\"noreferrer noopener\">Se RAJAs utvalg av milj\u00f8vennlig emballasje i nettbutikken<\/a><\/p>\n\n\n\n<h2 class=\"wp-block-heading\"><span class=\"ez-toc-section\" id=\"Baerekraftig_emballasje\"><\/span><strong>B\u00e6rekraftig emballasje<\/strong><span class=\"ez-toc-section-end\"><\/span><\/h2>\n\n\n\n<p>Utvalget av milj\u00f8vennlig emballasje inkluderer esker, tape, bobleplast, fyllmateriale, papir, konvolutter og mye mer. Et kjennetegn ved alle de gr\u00f8nne emballasjeproduktene er at den milj\u00f8vennlige versjonen er minst like god og effektiv som den konvensjonelle. Hvis b\u00e6rekraft er h\u00f8yt p\u00e5 agendaen i ditt firma, er det ingen gode unnskyldninger for ikke \u00e5 velge milj\u00f8vennlig emballasje. Nedenfor kan du lese mer om biologisk nedbrytbar emballasje, resirkulert emballasje og andre typer milj\u00f8vennlig emballasje.&nbsp;<\/p>\n\n\n\n<h2 class=\"wp-block-heading\"><span class=\"ez-toc-section\" id=\"Postesker\"><\/span><strong>Postesker<\/strong><span class=\"ez-toc-section-end\"><\/span><\/h2>\n\n\n\n<p>V\u00e5re praktiske <a href=\"https:\/\/www.rajapack.no\/esker-pappesker-og-trekasser\/postesker_C1011.html\">postesker<\/a> er kraftige og gir solid beskyttelse for produktene dine. Hvis du sender mange pakker, er disse eskene et godt alternativ til de tradisjonelle eskene. De er motstandsdyktige mot fuktighet og temperatursvingninger, t\u00e5ler opptil 20 kg. og har 3 ganger normal pappstyrke p\u00e5 langsidene. Vi har et stort utvalg av st\u00f8rrelser, og til samme pris finner du ogs\u00e5 <a href=\"https:\/\/www.rajapack.no\/esker-pappesker-og-kasser\/postemballasje\/postesker\/hvite-postesker-rajapost_OFF_NO_0068.html\">hvite postesker<\/a>, som i tillegg til \u00e5 gi den beste beskyttelsen ogs\u00e5 etterlater et elegant inntrykk hos mottakeren.<\/p>\n\n\n\n<div class=\"wp-block-group\"><div class=\"wp-block-group__inner-container is-layout-flow wp-block-group-is-layout-flow\">\n<div class=\"wp-block-columns is-layout-flex wp-container-core-columns-is-layout-1 wp-block-columns-is-layout-flex\">\n<div class=\"wp-block-column is-layout-flow wp-block-column-is-layout-flow\" style=\"flex-basis:100%\">\n<div class=\"wp-block-group\"><div class=\"wp-block-group__inner-container is-layout-flow wp-block-group-is-layout-flow\">\n<figure class=\"wp-block-image size-large\"><img loading=\"lazy\" decoding=\"async\" width=\"225\" height=\"225\" src=\"https:\/\/www.rajapack.no\/blog-no\/wp-content\/uploads\/2021\/02\/postesker_1.jpg\" alt=\"\" class=\"wp-image-11256\" srcset=\"https:\/\/www.rajapack.no\/blog-no\/wp-content\/uploads\/2021\/02\/postesker_1.jpg 225w, https:\/\/www.rajapack.no\/blog-no\/wp-content\/uploads\/2021\/02\/postesker_1-150x150.jpg 150w, https:\/\/www.rajapack.no\/blog-no\/wp-content\/uploads\/2021\/02\/postesker_1-120x120.jpg 120w\" sizes=\"(max-width: 225px) 100vw, 225px\" \/><\/figure>\n<\/div><\/div>\n<\/div>\n<\/div>\n<\/div><\/div>\n\n\n\n<div class=\"wp-block-group\"><div class=\"wp-block-group__inner-container is-layout-flow wp-block-group-is-layout-flow\">\n<div class=\"wp-block-columns is-layout-flex wp-container-core-columns-is-layout-2 wp-block-columns-is-layout-flex\">\n<div class=\"wp-block-column is-layout-flow wp-block-column-is-layout-flow\" style=\"flex-basis:100%\">\n<figure class=\"wp-block-image size-large\"><img loading=\"lazy\" decoding=\"async\" width=\"225\" height=\"225\" src=\"https:\/\/www.rajapack.no\/blog-no\/wp-content\/uploads\/2021\/02\/postesker_2.jpg\" alt=\"\" class=\"wp-image-11257\" srcset=\"https:\/\/www.rajapack.no\/blog-no\/wp-content\/uploads\/2021\/02\/postesker_2.jpg 225w, https:\/\/www.rajapack.no\/blog-no\/wp-content\/uploads\/2021\/02\/postesker_2-150x150.jpg 150w, https:\/\/www.rajapack.no\/blog-no\/wp-content\/uploads\/2021\/02\/postesker_2-120x120.jpg 120w\" sizes=\"(max-width: 225px) 100vw, 225px\" \/><\/figure>\n<\/div>\n<\/div>\n<\/div><\/div>\n\n\n\n<h2 class=\"wp-block-heading\"><span class=\"ez-toc-section\" id=\"E-handelsposer_av_resirkulert_plast\"><\/span><strong>E-handelsposer av resirkulert plast<\/strong><span class=\"ez-toc-section-end\"><\/span><\/h2>\n\n\n\n<p>Hvis du har en nettbutikk og allerede bruker e-handelsposer, s\u00e5 finnes det et godt, milj\u00f8vennlig alternativ. RAJAs <a href=\"https:\/\/www.rajapack.no\/konvolutter-og-pappror\/plastkonvolutter\/e-handelsposer\/hvite-e-handelsposer-av-resirkulert-plast_OFF_NO_09312.html\">e-handelsposer<\/a> er laget av 60% resirkulert plast, og minimerer dermed milj\u00f8belastningen s\u00e5 mye som mulig. Posene har ogs\u00e5 en selvklebende stripe for lukking, er vannavvisende og de har en svart innside som forhindrer innsyn.<\/p>\n\n\n\n<p>Posene er et opplagt valg n\u00e5r du skal sende alt fra smykker og kosmetikk til tekstiler og andre varer.<\/p>\n\n\n\n<figure class=\"wp-block-image size-large\"><img loading=\"lazy\" decoding=\"async\" width=\"225\" height=\"225\" src=\"https:\/\/www.rajapack.no\/blog-no\/wp-content\/uploads\/2021\/02\/ehandelspose.jpg\" alt=\"\" class=\"wp-image-11262\" srcset=\"https:\/\/www.rajapack.no\/blog-no\/wp-content\/uploads\/2021\/02\/ehandelspose.jpg 225w, https:\/\/www.rajapack.no\/blog-no\/wp-content\/uploads\/2021\/02\/ehandelspose-150x150.jpg 150w, https:\/\/www.rajapack.no\/blog-no\/wp-content\/uploads\/2021\/02\/ehandelspose-120x120.jpg 120w\" sizes=\"(max-width: 225px) 100vw, 225px\" \/><\/figure>\n\n\n\n<h2 class=\"wp-block-heading\"><span class=\"ez-toc-section\" id=\"Pappkonvolutter_laget_av_resirkulerte_materialer\"><\/span><strong>Pappkonvolutter laget av resirkulerte materialer<\/strong> <span class=\"ez-toc-section-end\"><\/span><\/h2>\n\n\n\n<p>Hvis du skal sende fotografier eller dokumenter som ikke m\u00e5 brettes, kan du med god samvittighet velge <a href=\"https:\/\/www.rajapack.no\/konvolutter-og-pappror\/pappkonvolutter_C1212.html\">RAJAs pappkonvolutter<\/a>. De er laget av 100% resirkulerte materialer, og de er resirkulerbare. Pappkonvolutter s\u00f8rger for god beskyttelse for dine forsendelser. Konvoluttene har forsterkede kanter som gir ekstra stivhet, og de er enkle \u00e5 bruke. Konvoluttene kommer i esker med 100 eller 75 stk. og er tilgjengelig i b\u00e5de brun og hvit. Et godt valg for milj\u00f8 og sikkerhet!<\/p>\n\n\n\n<figure class=\"wp-block-image size-large\"><img loading=\"lazy\" decoding=\"async\" width=\"300\" height=\"300\" src=\"https:\/\/www.rajapack.no\/blog-no\/wp-content\/uploads\/2021\/02\/suprawell-brune-pappkonvolutter_OFF_NO_0423.jpg\" alt=\"\" class=\"wp-image-11266\" srcset=\"https:\/\/www.rajapack.no\/blog-no\/wp-content\/uploads\/2021\/02\/suprawell-brune-pappkonvolutter_OFF_NO_0423.jpg 300w, https:\/\/www.rajapack.no\/blog-no\/wp-content\/uploads\/2021\/02\/suprawell-brune-pappkonvolutter_OFF_NO_0423-150x150.jpg 150w, https:\/\/www.rajapack.no\/blog-no\/wp-content\/uploads\/2021\/02\/suprawell-brune-pappkonvolutter_OFF_NO_0423-120x120.jpg 120w\" sizes=\"(max-width: 300px) 100vw, 300px\" \/><\/figure>\n\n\n\n<h2 class=\"wp-block-heading\"><span class=\"ez-toc-section\" id=\"Pakketape_Papirtape_resirkulerbar_sammen_med_pappesken\"><\/span><strong>Pakketape: Papirtape, resirkulerbar sammen med pappesken<\/strong><span class=\"ez-toc-section-end\"><\/span><\/h2>\n\n\n\n<p>Pakketape er vanligvis en n\u00f8dvendig f\u00f8lgesvenn n\u00e5r du skal lukke pappeskene, men du har ogs\u00e5 muligheten til \u00e5 velge <a href=\"https:\/\/www.rajapack.no\/tape-pakketape-og-strammeband\/pakketape\/papirtape\/papirtape-rajatape_OFF_NO_0563.html\">papirtape \u2013 et milj\u00f8vennlig alternativ til vanlig pakketape<\/a>. Papirtape har en enorm fordel sammenlignet med plasttape: I tillegg til at den har samme egenskaper som vanlig pakketape, kan den resirkuleres sammen med pappemballasjen. Den etterlater derfor et minimalt milj\u00f8avtrykk.<\/p>\n\n\n\n<p>RAJAs papirtape er produsert av milj\u00f8vennlig, ubleket papir uten silikon og kan resirkuleres. Tapen selges i to ulike bredder, 50 og 75 mm.<\/p>\n\n\n\n<figure class=\"wp-block-image size-large\"><img loading=\"lazy\" decoding=\"async\" width=\"605\" height=\"179\" src=\"https:\/\/www.rajapack.no\/blog-no\/wp-content\/uploads\/2021\/01\/papirtape-2-1.jpg\" alt=\"\" class=\"wp-image-11194\" srcset=\"https:\/\/www.rajapack.no\/blog-no\/wp-content\/uploads\/2021\/01\/papirtape-2-1.jpg 605w, https:\/\/www.rajapack.no\/blog-no\/wp-content\/uploads\/2021\/01\/papirtape-2-1-430x127.jpg 430w\" sizes=\"(max-width: 605px) 100vw, 605px\" \/><\/figure>\n\n\n\n<p><\/p>\n\n\n\n<p>Hvis du vil vite mer om RAJAs l\u00f8sninger for b\u00e6rekraftig emballasje, har vi samlet en <a href=\"https:\/\/www.rajapack.no\/miljo\/miljovennlig-emballasje_cms_000041.html\" target=\"_blank\" rel=\"noreferrer noopener\">oversikt over gr\u00f8nne produkter her.<\/a> Ta ogs\u00e5 gjerne kontakt med en av v\u00e5re emballasjespesialister p\u00e5 telefon 22514000 eller e-post <a href=\"mailto:post@rajapack.no\">post@rajapack.no<\/a>. <\/p>\n\n\n\n<p>Vil du lese mer? <a href=\"https:\/\/www.rajapack.no\/blog-no\/guide-til-baerekraftig-emballasje-del-2\/\" target=\"_blank\" rel=\"noreferrer noopener\">Se v\u00e5r guide til b\u00e6rekraftig emballasje &#8211; del 2<\/a><\/p>\n\n\n\n<p><\/p>\n","protected":false},"excerpt":{"rendered":"<p>Tenk b\u00e6rekraft n\u00e5r du velger emballasje! Helt siden oppstarten i 1954 har RAJA fokusert p\u00e5 milj\u00f8, og over flere ti\u00e5r har vi styrket v\u00e5r satsing p\u00e5 b\u00e6rekraftig utvikling. Som en [&#8230;]<\/p>\n","protected":false},"author":69,"featured_media":11252,"comment_status":"open","ping_status":"open","sticky":false,"template":"","format":"standard","meta":{"_acf_changed":false,"footnotes":""},"categories":[2,105,7],"tags":[103,26,47,62,69],"class_list":["post-11248","post","type-post","status-publish","format-standard","has-post-thumbnail","hentry","category-e-handel-og-logistikk","category-miljo-og-baerekraft","category-rad-og-tips","tag-baerekraft","tag-emballasje","tag-miljovennlig","tag-pakketape","tag-postesker"],"acf":[],"yoast_head":"\n<title>Guide til b\u00e6rekraftig emballasje - del 1 - RAJA Norge<\/title>\n<meta name=\"description\" content=\"L\u00e6r mer om milj\u00f8vennlige postesker, resirkulerte e-handelsposer, pappkonvolutter og pakketape av papir. Dette er b\u00e6rekraftig emballasje.\" \/>\n<meta name=\"robots\" content=\"index, follow, max-snippet:-1, max-image-preview:large, max-video-preview:-1\" \/>\n<link rel=\"canonical\" href=\"https:\/\/www.rajapack.no\/blog-no\/guide-til-baerekraftig-emballasje-del-1\" \/>\n<meta property=\"og:locale\" content=\"nb_NO\" \/>\n<meta property=\"og:type\" content=\"article\" \/>\n<meta property=\"og:title\" content=\"Guide til b\u00e6rekraftig emballasje - del 1 - RAJA Norge\" \/>\n<meta property=\"og:description\" content=\"L\u00e6r mer om milj\u00f8vennlige postesker, resirkulerte e-handelsposer, pappkonvolutter og pakketape av papir. Dette er b\u00e6rekraftig emballasje.\" \/>\n<meta property=\"og:url\" content=\"https:\/\/www.rajapack.no\/blog-no\/guide-til-baerekraftig-emballasje-del-1\" \/>\n<meta property=\"og:site_name\" content=\"SMART OG B\u00c6REKRAFTIG EMBALLASJE | Rajapack NORGE\" \/>\n<meta property=\"article:publisher\" content=\"https:\/\/www.facebook.com\/rajanorge\/\" \/>\n<meta property=\"article:published_time\" content=\"2021-02-05T11:52:50+00:00\" \/>\n<meta property=\"article:modified_time\" content=\"2022-04-05T08:56:04+00:00\" \/>\n<meta property=\"og:image\" content=\"https:\/\/www.rajapack.no\/blog-no\/wp-content\/uploads\/2021\/02\/sustainable-packaging-trends.jpeg\" \/>\n\t<meta property=\"og:image:width\" content=\"1200\" \/>\n\t<meta property=\"og:image:height\" content=\"800\" \/>\n\t<meta property=\"og:image:type\" content=\"image\/jpeg\" \/>\n<meta name=\"author\" content=\"Ingunn KRISTIANSEN\" \/>\n<meta name=\"twitter:card\" content=\"summary_large_image\" \/>\n<meta name=\"twitter:label1\" content=\"Skrevet av\" \/>\n\t<meta name=\"twitter:data1\" content=\"Ingunn KRISTIANSEN\" \/>\n\t<meta name=\"twitter:label2\" content=\"Ansl. lesetid\" \/>\n\t<meta name=\"twitter:data2\" content=\"4 minutter\" \/>\n<script type=\"application\/ld+json\" class=\"yoast-schema-graph\">{\n\t    \"@context\": \"https:\/\/schema.org\",\n\t    \"@graph\": [\n\t        {\n\t            \"@type\": \"Article\",\n\t            \"@id\": \"https:\/\/www.rajapack.no\/blog-no\/guide-til-baerekraftig-emballasje-del-1#article\",\n\t            \"isPartOf\": {\n\t                \"@id\": \"https:\/\/www.rajapack.no\/blog-no\/guide-til-baerekraftig-emballasje-del-1\"\n\t            },\n\t            \"author\": {\n\t                \"name\": \"Ingunn KRISTIANSEN\",\n\t                \"@id\": \"https:\/\/www.rajapack.no\/blog-no\/#\/schema\/person\/309feab02f6c5726f78b2ad5a56f9d62\"\n\t            },\n\t            \"headline\": \"Guide til b\u00e6rekraftig emballasje &#8211; del 1\",\n\t            \"datePublished\": \"2021-02-05T11:52:50+00:00\",\n\t            \"dateModified\": \"2022-04-05T08:56:04+00:00\",\n\t            \"mainEntityOfPage\": {\n\t                \"@id\": \"https:\/\/www.rajapack.no\/blog-no\/guide-til-baerekraftig-emballasje-del-1\"\n\t            },\n\t            \"wordCount\": 625,\n\t            \"commentCount\": 0,\n\t            \"publisher\": {\n\t                \"@id\": \"https:\/\/www.rajapack.no\/blog-no\/#organization\"\n\t            },\n\t            \"image\": {\n\t                \"@id\": \"https:\/\/www.rajapack.no\/blog-no\/guide-til-baerekraftig-emballasje-del-1#primaryimage\"\n\t            },\n\t            \"thumbnailUrl\": \"https:\/\/www.rajapack.no\/blog-no\/wp-content\/uploads\/2021\/02\/sustainable-packaging-trends.jpeg\",\n\t            \"keywords\": [\n\t                \"b\u00e6rekraft\",\n\t                \"emballasje\",\n\t                \"milj\u00f8vennlig\",\n\t                \"pakketape\",\n\t                \"postesker\"\n\t            ],\n\t            \"articleSection\": [\n\t                \"E-handel og logistikk\",\n\t                \"Milj\u00f8 og b\u00e6rekraft\",\n\t                \"R\u00e5d og tips\"\n\t            ],\n\t            \"inLanguage\": \"nb-NO\",\n\t            \"potentialAction\": [\n\t                {\n\t                    \"@type\": \"CommentAction\",\n\t                    \"name\": \"Comment\",\n\t                    \"target\": [\n\t                        \"https:\/\/www.rajapack.no\/blog-no\/guide-til-baerekraftig-emballasje-del-1#respond\"\n\t                    ]\n\t                }\n\t            ]\n\t        },\n\t        {\n\t            \"@type\": \"WebPage\",\n\t            \"@id\": \"https:\/\/www.rajapack.no\/blog-no\/guide-til-baerekraftig-emballasje-del-1\",\n\t            \"url\": \"https:\/\/www.rajapack.no\/blog-no\/guide-til-baerekraftig-emballasje-del-1\",\n\t            \"name\": \"Guide til b\u00e6rekraftig emballasje - del 1 - RAJA Norge\",\n\t            \"isPartOf\": {\n\t                \"@id\": \"https:\/\/www.rajapack.no\/blog-no\/#website\"\n\t            },\n\t            \"primaryImageOfPage\": {\n\t                \"@id\": \"https:\/\/www.rajapack.no\/blog-no\/guide-til-baerekraftig-emballasje-del-1#primaryimage\"\n\t            },\n\t            \"image\": {\n\t                \"@id\": \"https:\/\/www.rajapack.no\/blog-no\/guide-til-baerekraftig-emballasje-del-1#primaryimage\"\n\t            },\n\t            \"thumbnailUrl\": \"https:\/\/www.rajapack.no\/blog-no\/wp-content\/uploads\/2021\/02\/sustainable-packaging-trends.jpeg\",\n\t            \"datePublished\": \"2021-02-05T11:52:50+00:00\",\n\t            \"dateModified\": \"2022-04-05T08:56:04+00:00\",\n\t            \"description\": \"L\u00e6r mer om milj\u00f8vennlige postesker, resirkulerte e-handelsposer, pappkonvolutter og pakketape av papir. Dette er b\u00e6rekraftig emballasje.\",\n\t            \"inLanguage\": \"nb-NO\",\n\t            \"potentialAction\": [\n\t                {\n\t                    \"@type\": \"ReadAction\",\n\t                    \"target\": [\n\t                        \"https:\/\/www.rajapack.no\/blog-no\/guide-til-baerekraftig-emballasje-del-1\"\n\t                    ]\n\t                }\n\t            ]\n\t        },\n\t        {\n\t            \"@type\": \"ImageObject\",\n\t            \"inLanguage\": \"nb-NO\",\n\t            \"@id\": \"https:\/\/www.rajapack.no\/blog-no\/guide-til-baerekraftig-emballasje-del-1#primaryimage\",\n\t            \"url\": \"https:\/\/www.rajapack.no\/blog-no\/wp-content\/uploads\/2021\/02\/sustainable-packaging-trends.jpeg\",\n\t            \"contentUrl\": \"https:\/\/www.rajapack.no\/blog-no\/wp-content\/uploads\/2021\/02\/sustainable-packaging-trends.jpeg\",\n\t            \"width\": 1200,\n\t            \"height\": 800,\n\t            \"caption\": \"Kilde: pdachain.com\"\n\t        },\n\t        {\n\t            \"@type\": \"WebSite\",\n\t            \"@id\": \"https:\/\/www.rajapack.no\/blog-no\/#website\",\n\t            \"url\": \"https:\/\/www.rajapack.no\/blog-no\/\",\n\t            \"name\": \"SMART OG B\u00c6REKRAFTIG EMBALLASJE | Rajapack NORGE\",\n\t            \"description\": \"R\u00c5D OM SMART OG B\u00c6REKRAFTIG EMBALLASJE\",\n\t            \"publisher\": {\n\t                \"@id\": \"https:\/\/www.rajapack.no\/blog-no\/#organization\"\n\t            },\n\t            \"potentialAction\": [\n\t                {\n\t                    \"@type\": \"SearchAction\",\n\t                    \"target\": {\n\t                        \"@type\": \"EntryPoint\",\n\t                        \"urlTemplate\": \"https:\/\/www.rajapack.no\/blog-no\/?s={search_term_string}\"\n\t                    },\n\t                    \"query-input\": \"required name=search_term_string\"\n\t                }\n\t            ],\n\t            \"inLanguage\": \"nb-NO\"\n\t        },\n\t        {\n\t            \"@type\": \"Organization\",\n\t            \"@id\": \"https:\/\/www.rajapack.no\/blog-no\/#organization\",\n\t            \"name\": \"SMART OG B\u00c6REKRAFTIG EMBALLASJE | Rajapack NORGE\",\n\t            \"url\": \"https:\/\/www.rajapack.no\/blog-no\/\",\n\t            \"logo\": {\n\t                \"@type\": \"ImageObject\",\n\t                \"inLanguage\": \"nb-NO\",\n\t                \"@id\": \"https:\/\/www.rajapack.no\/blog-no\/#\/schema\/logo\/image\/\",\n\t                \"url\": \"https:\/\/www.rajapack.no\/blog-no\/wp-content\/uploads\/2019\/08\/NO-blog-logo-0919-1.png\",\n\t                \"contentUrl\": \"https:\/\/www.rajapack.no\/blog-no\/wp-content\/uploads\/2019\/08\/NO-blog-logo-0919-1.png\",\n\t                \"width\": 572,\n\t                \"height\": 119,\n\t                \"caption\": \"SMART OG B\u00c6REKRAFTIG EMBALLASJE | Rajapack NORGE\"\n\t            },\n\t            \"image\": {\n\t                \"@id\": \"https:\/\/www.rajapack.no\/blog-no\/#\/schema\/logo\/image\/\"\n\t            },\n\t            \"sameAs\": [\n\t                \"https:\/\/www.facebook.com\/rajanorge\/\",\n\t                \"https:\/\/www.instagram.com\/rajanorge\/\",\n\t                \"https:\/\/www.linkedin.com\/company\/rajanorge\/\",\n\t                \"https:\/\/www.youtube.com\/user\/rajapacknorge\"\n\t            ]\n\t        },\n\t        {\n\t            \"@type\": \"Person\",\n\t            \"@id\": \"https:\/\/www.rajapack.no\/blog-no\/#\/schema\/person\/309feab02f6c5726f78b2ad5a56f9d62\",\n\t            \"name\": \"Ingunn KRISTIANSEN\",\n\t            \"image\": {\n\t                \"@type\": \"ImageObject\",\n\t                \"inLanguage\": \"nb-NO\",\n\t                \"@id\": \"https:\/\/www.rajapack.no\/blog-no\/#\/schema\/person\/image\/\",\n\t                \"url\": \"https:\/\/secure.gravatar.com\/avatar\/2f4788eda2fa197caba5482d7250e8a7?s=96&d=mm&r=g\",\n\t                \"contentUrl\": \"https:\/\/secure.gravatar.com\/avatar\/2f4788eda2fa197caba5482d7250e8a7?s=96&d=mm&r=g\",\n\t                \"caption\": \"Ingunn KRISTIANSEN\"\n\t            },\n\t            \"sameAs\": [\n\t                \"https:\/\/www.rajapack.no\"\n\t            ],\n\t            \"url\": \"https:\/\/www.rajapack.no\/blog-no\/author\/ingunn\"\n\t        }\n\t    ]\n\t}<\/script>\n","yoast_head_json":{"title":"Guide til b\u00e6rekraftig emballasje - del 1 - RAJA Norge","description":"L\u00e6r mer om milj\u00f8vennlige postesker, resirkulerte e-handelsposer, pappkonvolutter og pakketape av papir. Dette er b\u00e6rekraftig emballasje.","robots":{"index":"index","follow":"follow","max-snippet":"max-snippet:-1","max-image-preview":"max-image-preview:large","max-video-preview":"max-video-preview:-1"},"canonical":"https:\/\/www.rajapack.no\/blog-no\/guide-til-baerekraftig-emballasje-del-1","og_locale":"nb_NO","og_type":"article","og_title":"Guide til b\u00e6rekraftig emballasje - del 1 - RAJA Norge","og_description":"L\u00e6r mer om milj\u00f8vennlige postesker, resirkulerte e-handelsposer, pappkonvolutter og pakketape av papir. Dette er b\u00e6rekraftig emballasje.","og_url":"https:\/\/www.rajapack.no\/blog-no\/guide-til-baerekraftig-emballasje-del-1","og_site_name":"SMART OG B\u00c6REKRAFTIG EMBALLASJE | Rajapack NORGE","article_publisher":"https:\/\/www.facebook.com\/rajanorge\/","article_published_time":"2021-02-05T11:52:50+00:00","article_modified_time":"2022-04-05T08:56:04+00:00","og_image":[{"width":1200,"height":800,"url":"https:\/\/www.rajapack.no\/blog-no\/wp-content\/uploads\/2021\/02\/sustainable-packaging-trends.jpeg","type":"image\/jpeg"}],"author":"Ingunn KRISTIANSEN","twitter_card":"summary_large_image","twitter_misc":{"Skrevet av":"Ingunn KRISTIANSEN","Ansl. lesetid":"4 minutter"},"schema":{"@context":"https:\/\/schema.org","@graph":[{"@type":"Article","@id":"https:\/\/www.rajapack.no\/blog-no\/guide-til-baerekraftig-emballasje-del-1#article","isPartOf":{"@id":"https:\/\/www.rajapack.no\/blog-no\/guide-til-baerekraftig-emballasje-del-1"},"author":{"name":"Ingunn KRISTIANSEN","@id":"https:\/\/www.rajapack.no\/blog-no\/#\/schema\/person\/309feab02f6c5726f78b2ad5a56f9d62"},"headline":"Guide til b\u00e6rekraftig emballasje &#8211; del 1","datePublished":"2021-02-05T11:52:50+00:00","dateModified":"2022-04-05T08:56:04+00:00","mainEntityOfPage":{"@id":"https:\/\/www.rajapack.no\/blog-no\/guide-til-baerekraftig-emballasje-del-1"},"wordCount":625,"commentCount":0,"publisher":{"@id":"https:\/\/www.rajapack.no\/blog-no\/#organization"},"image":{"@id":"https:\/\/www.rajapack.no\/blog-no\/guide-til-baerekraftig-emballasje-del-1#primaryimage"},"thumbnailUrl":"https:\/\/www.rajapack.no\/blog-no\/wp-content\/uploads\/2021\/02\/sustainable-packaging-trends.jpeg","keywords":["b\u00e6rekraft","emballasje","milj\u00f8vennlig","pakketape","postesker"],"articleSection":["E-handel og logistikk","Milj\u00f8 og b\u00e6rekraft","R\u00e5d og tips"],"inLanguage":"nb-NO","potentialAction":[{"@type":"CommentAction","name":"Comment","target":["https:\/\/www.rajapack.no\/blog-no\/guide-til-baerekraftig-emballasje-del-1#respond"]}]},{"@type":"WebPage","@id":"https:\/\/www.rajapack.no\/blog-no\/guide-til-baerekraftig-emballasje-del-1","url":"https:\/\/www.rajapack.no\/blog-no\/guide-til-baerekraftig-emballasje-del-1","name":"Guide til b\u00e6rekraftig emballasje - del 1 - RAJA Norge","isPartOf":{"@id":"https:\/\/www.rajapack.no\/blog-no\/#website"},"primaryImageOfPage":{"@id":"https:\/\/www.rajapack.no\/blog-no\/guide-til-baerekraftig-emballasje-del-1#primaryimage"},"image":{"@id":"https:\/\/www.rajapack.no\/blog-no\/guide-til-baerekraftig-emballasje-del-1#primaryimage"},"thumbnailUrl":"https:\/\/www.rajapack.no\/blog-no\/wp-content\/uploads\/2021\/02\/sustainable-packaging-trends.jpeg","datePublished":"2021-02-05T11:52:50+00:00","dateModified":"2022-04-05T08:56:04+00:00","description":"L\u00e6r mer om milj\u00f8vennlige postesker, resirkulerte e-handelsposer, pappkonvolutter og pakketape av papir. Dette er b\u00e6rekraftig emballasje.","inLanguage":"nb-NO","potentialAction":[{"@type":"ReadAction","target":["https:\/\/www.rajapack.no\/blog-no\/guide-til-baerekraftig-emballasje-del-1"]}]},{"@type":"ImageObject","inLanguage":"nb-NO","@id":"https:\/\/www.rajapack.no\/blog-no\/guide-til-baerekraftig-emballasje-del-1#primaryimage","url":"https:\/\/www.rajapack.no\/blog-no\/wp-content\/uploads\/2021\/02\/sustainable-packaging-trends.jpeg","contentUrl":"https:\/\/www.rajapack.no\/blog-no\/wp-content\/uploads\/2021\/02\/sustainable-packaging-trends.jpeg","width":1200,"height":800,"caption":"Kilde: pdachain.com"},{"@type":"WebSite","@id":"https:\/\/www.rajapack.no\/blog-no\/#website","url":"https:\/\/www.rajapack.no\/blog-no\/","name":"SMART OG B\u00c6REKRAFTIG EMBALLASJE | Rajapack NORGE","description":"R\u00c5D OM SMART OG B\u00c6REKRAFTIG EMBALLASJE","publisher":{"@id":"https:\/\/www.rajapack.no\/blog-no\/#organization"},"potentialAction":[{"@type":"SearchAction","target":{"@type":"EntryPoint","urlTemplate":"https:\/\/www.rajapack.no\/blog-no\/?s={search_term_string}"},"query-input":"required name=search_term_string"}],"inLanguage":"nb-NO"},{"@type":"Organization","@id":"https:\/\/www.rajapack.no\/blog-no\/#organization","name":"SMART OG B\u00c6REKRAFTIG EMBALLASJE | Rajapack NORGE","url":"https:\/\/www.rajapack.no\/blog-no\/","logo":{"@type":"ImageObject","inLanguage":"nb-NO","@id":"https:\/\/www.rajapack.no\/blog-no\/#\/schema\/logo\/image\/","url":"https:\/\/www.rajapack.no\/blog-no\/wp-content\/uploads\/2019\/08\/NO-blog-logo-0919-1.png","contentUrl":"https:\/\/www.rajapack.no\/blog-no\/wp-content\/uploads\/2019\/08\/NO-blog-logo-0919-1.png","width":572,"height":119,"caption":"SMART OG B\u00c6REKRAFTIG EMBALLASJE | Rajapack NORGE"},"image":{"@id":"https:\/\/www.rajapack.no\/blog-no\/#\/schema\/logo\/image\/"},"sameAs":["https:\/\/www.facebook.com\/rajanorge\/","https:\/\/www.instagram.com\/rajanorge\/","https:\/\/www.linkedin.com\/company\/rajanorge\/","https:\/\/www.youtube.com\/user\/rajapacknorge"]},{"@type":"Person","@id":"https:\/\/www.rajapack.no\/blog-no\/#\/schema\/person\/309feab02f6c5726f78b2ad5a56f9d62","name":"Ingunn KRISTIANSEN","image":{"@type":"ImageObject","inLanguage":"nb-NO","@id":"https:\/\/www.rajapack.no\/blog-no\/#\/schema\/person\/image\/","url":"https:\/\/secure.gravatar.com\/avatar\/2f4788eda2fa197caba5482d7250e8a7?s=96&d=mm&r=g","contentUrl":"https:\/\/secure.gravatar.com\/avatar\/2f4788eda2fa197caba5482d7250e8a7?s=96&d=mm&r=g","caption":"Ingunn KRISTIANSEN"},"sameAs":["https:\/\/www.rajapack.no"],"url":"https:\/\/www.rajapack.no\/blog-no\/author\/ingunn"}]}},"_links":{"self":[{"href":"https:\/\/www.rajapack.no\/blog-no\/wp-json\/wp\/v2\/posts\/11248"}],"collection":[{"href":"https:\/\/www.rajapack.no\/blog-no\/wp-json\/wp\/v2\/posts"}],"about":[{"href":"https:\/\/www.rajapack.no\/blog-no\/wp-json\/wp\/v2\/types\/post"}],"author":[{"embeddable":true,"href":"https:\/\/www.rajapack.no\/blog-no\/wp-json\/wp\/v2\/users\/69"}],"replies":[{"embeddable":true,"href":"https:\/\/www.rajapack.no\/blog-no\/wp-json\/wp\/v2\/comments?post=11248"}],"version-history":[{"count":0,"href":"https:\/\/www.rajapack.no\/blog-no\/wp-json\/wp\/v2\/posts\/11248\/revisions"}],"wp:featuredmedia":[{"embeddable":true,"href":"https:\/\/www.rajapack.no\/blog-no\/wp-json\/wp\/v2\/media\/11252"}],"wp:attachment":[{"href":"https:\/\/www.rajapack.no\/blog-no\/wp-json\/wp\/v2\/media?parent=11248"}],"wp:term":[{"taxonomy":"category","embeddable":true,"href":"https:\/\/www.rajapack.no\/blog-no\/wp-json\/wp\/v2\/categories?post=11248"},{"taxonomy":"post_tag","embeddable":true,"href":"https:\/\/www.rajapack.no\/blog-no\/wp-json\/wp\/v2\/tags?post=11248"}],"curies":[{"name":"wp","href":"https:\/\/api.w.org\/{rel}","templated":true}]}}