{"id":11460,"date":"2021-03-18T11:38:11","date_gmt":"2021-03-18T10:38:11","guid":{"rendered":"https:\/\/www.rajapack.no\/blog-no\/?p=11460"},"modified":"2021-05-24T09:51:26","modified_gmt":"2021-05-24T07:51:26","slug":"i-dag-18-mars-er-det-global-recycling-day","status":"publish","type":"post","link":"https:\/\/www.rajapack.no\/blog-no\/i-dag-18-mars-er-det-global-recycling-day","title":{"rendered":"Global Recycling Day"},"content":{"rendered":"\n<p>Global Recycling Day &#8211; 18. mars &#8211; ble opprettet i 2018 for \u00e5 rette s\u00f8kelyset p\u00e5 hvordan resirkulering er en av l\u00f8sningene p\u00e5 klimakrisen. Dagen har som m\u00e5l \u00e5 fremme resirkulering, samt \u00e5 presentere utfordringer med resirkuleringsprosesser. M\u00e5let er \u00e5 fremme gjenbruk og jobbe for \u00e5 oppn\u00e5 100% gjenvinning av r\u00e5materialer.<\/p><div id=\"ez-toc-container\" class=\"ez-toc-v2_0_67_1 counter-hierarchy ez-toc-counter ez-toc-grey ez-toc-container-direction\">\n<div class=\"ez-toc-title-container\">\n<p class=\"ez-toc-title \" >Innhold<\/p>\n<span class=\"ez-toc-title-toggle\"><a href=\"#\" class=\"ez-toc-pull-right ez-toc-btn ez-toc-btn-xs ez-toc-btn-default ez-toc-toggle\" aria-label=\"Toggle Table of Content\"><span class=\"ez-toc-js-icon-con\"><span class=\"\"><span class=\"eztoc-hide\" style=\"display:none;\">Toggle<\/span><span class=\"ez-toc-icon-toggle-span\"><svg style=\"fill: #999;color:#999\" xmlns=\"http:\/\/www.w3.org\/2000\/svg\" class=\"list-377408\" width=\"20px\" height=\"20px\" viewBox=\"0 0 24 24\" fill=\"none\"><path d=\"M6 6H4v2h2V6zm14 0H8v2h12V6zM4 11h2v2H4v-2zm16 0H8v2h12v-2zM4 16h2v2H4v-2zm16 0H8v2h12v-2z\" fill=\"currentColor\"><\/path><\/svg><svg style=\"fill: #999;color:#999\" class=\"arrow-unsorted-368013\" xmlns=\"http:\/\/www.w3.org\/2000\/svg\" width=\"10px\" height=\"10px\" viewBox=\"0 0 24 24\" version=\"1.2\" baseProfile=\"tiny\"><path d=\"M18.2 9.3l-6.2-6.3-6.2 6.3c-.2.2-.3.4-.3.7s.1.5.3.7c.2.2.4.3.7.3h11c.3 0 .5-.1.7-.3.2-.2.3-.5.3-.7s-.1-.5-.3-.7zM5.8 14.7l6.2 6.3 6.2-6.3c.2-.2.3-.5.3-.7s-.1-.5-.3-.7c-.2-.2-.4-.3-.7-.3h-11c-.3 0-.5.1-.7.3-.2.2-.3.5-.3.7s.1.5.3.7z\"\/><\/svg><\/span><\/span><\/span><\/a><\/span><\/div>\n<nav><ul class='ez-toc-list ez-toc-list-level-1 ' ><li class='ez-toc-page-1 ez-toc-heading-level-3'><a class=\"ez-toc-link ez-toc-heading-1\" href=\"https:\/\/www.rajapack.no\/blog-no\/i-dag-18-mars-er-det-global-recycling-day\/#Emballasje_%E2%80%93_en_del_av_losningen\" title=\"Emballasje &#8211; en del av l\u00f8sningen\">Emballasje &#8211; en del av l\u00f8sningen<\/a><\/li><\/ul><\/nav><\/div>\n\n\n\n\n<p>Resirkulering er en viktig del av den sirkul\u00e6re \u00f8konomien, og er ogs\u00e5 tatt med i FNs globale b\u00e6rekraftsm\u00e5l frem mot \u00e5r 2030. Resirkulering bidrar til \u00e5 spare naturressursene, og hvert \u00e5r sparer &laquo;Seventh Resource&raquo; (resirkulerbare materialer) over 700 millioner tonn i CO2-utslipp. Dette forventes \u00e5 \u00f8ke til 1 milliard tonn innen 2030. Det er ingen tvil om at resirkulering er p\u00e5 frontlinjen i krigen for \u00e5 bekjempe klimakrisen!<\/p>\n\n\n\n<h3 class=\"wp-block-heading\"><span class=\"ez-toc-section\" id=\"Emballasje_%E2%80%93_en_del_av_losningen\"><\/span>Emballasje &#8211; en del av l\u00f8sningen<span class=\"ez-toc-section-end\"><\/span><\/h3>\n\n\n\n<p>Emballasje spiller en viktig rolle i bruk av naturressursene, og det er derfor vi i RAJA jobber for \u00e5 \u00f8ke andelen resirkulerte materialer i v\u00e5re emballasjel\u00f8sninger. B\u00e5de plast og papir kan gjenbrukes, og RAJA jobber med en rekke initiativer for \u00e5 \u00f8ke andelen resirkulerte materialer. Sammen med v\u00e5re leverand\u00f8rer utvikler vi stadig ny, mer milj\u00f8vennlig emballasje, b\u00e5de plast laget av biobaserte og\/ eller resirkulerte materialer, og papp\/ papir med en h\u00f8yest mulig andel resirkulerte materialer.<\/p>\n\n\n\n<p><a href=\"https:\/\/www.rajapack.no\/miljo\" target=\"_blank\" rel=\"noreferrer noopener\">Du kan lese mer om RAJAs milj\u00f8initiativer her<\/a>.<\/p>\n\n\n\n<p>Ta gjerne kontakt med v\u00e5re emballasjespesialister p\u00e5 telefon 22 51 40 00 eller <a href=\"mailto:post@rajapack.no\" target=\"_blank\" rel=\"noreferrer noopener\">post@rajapack.no<\/a> for \u00e5 diskutere hvordan dere kan \u00f8ke andelen resirkulert emballasje.<\/p>\n\n\n\n<p>Global Recycling Day arrangeres av Global Recycling Foundation, og <a href=\"https:\/\/www.globalrecyclingday.com\/\" target=\"_blank\" rel=\"noreferrer noopener\">du kan lese mer om arrangementet her<\/a>. <\/p>\n","protected":false},"excerpt":{"rendered":"<p>Global Recycling Day &#8211; 18. mars &#8211; ble opprettet i 2018 for \u00e5 rette s\u00f8kelyset p\u00e5 hvordan resirkulering er en av l\u00f8sningene p\u00e5 klimakrisen. Dagen har som m\u00e5l \u00e5 fremme [&#8230;]<\/p>\n","protected":false},"author":69,"featured_media":11461,"comment_status":"open","ping_status":"open","sticky":false,"template":"","format":"standard","meta":{"_acf_changed":false,"footnotes":""},"categories":[105],"tags":[47,58,75],"class_list":["post-11460","post","type-post","status-publish","format-standard","has-post-thumbnail","hentry","category-miljo-og-baerekraft","tag-miljovennlig","tag-pakk-miljovennlig","tag-resirkulering"],"acf":[],"yoast_head":"\n<title>Global Recycling Day - Smart og b\u00e6rekraftig emballasje - RAJA Norge<\/title>\n<meta name=\"description\" content=\"Global Recycling Day - 18. mars - ble opprettet i 2018 for \u00e5 rette s\u00f8kelyset p\u00e5 hvordan resirkulering er en av l\u00f8sningene p\u00e5 klimakrisen.\" \/>\n<meta name=\"robots\" content=\"index, follow, max-snippet:-1, max-image-preview:large, max-video-preview:-1\" \/>\n<link rel=\"canonical\" href=\"https:\/\/www.rajapack.no\/blog-no\/i-dag-18-mars-er-det-global-recycling-day\" \/>\n<meta property=\"og:locale\" content=\"nb_NO\" \/>\n<meta property=\"og:type\" content=\"article\" \/>\n<meta property=\"og:title\" content=\"Global Recycling Day - Smart og b\u00e6rekraftig emballasje - RAJA Norge\" \/>\n<meta property=\"og:description\" content=\"Global Recycling Day - 18. mars - ble opprettet i 2018 for \u00e5 rette s\u00f8kelyset p\u00e5 hvordan resirkulering er en av l\u00f8sningene p\u00e5 klimakrisen.\" \/>\n<meta property=\"og:url\" content=\"https:\/\/www.rajapack.no\/blog-no\/i-dag-18-mars-er-det-global-recycling-day\" \/>\n<meta property=\"og:site_name\" content=\"SMART OG B\u00c6REKRAFTIG EMBALLASJE | Rajapack NORGE\" \/>\n<meta property=\"article:publisher\" content=\"https:\/\/www.facebook.com\/rajanorge\/\" \/>\n<meta property=\"article:published_time\" content=\"2021-03-18T10:38:11+00:00\" \/>\n<meta property=\"article:modified_time\" content=\"2021-05-24T07:51:26+00:00\" \/>\n<meta property=\"og:image\" content=\"https:\/\/www.rajapack.no\/blog-no\/wp-content\/uploads\/2021\/03\/recyclingday.png\" \/>\n\t<meta property=\"og:image:width\" content=\"837\" \/>\n\t<meta property=\"og:image:height\" content=\"406\" \/>\n\t<meta property=\"og:image:type\" content=\"image\/png\" \/>\n<meta name=\"author\" content=\"Ingunn KRISTIANSEN\" \/>\n<meta name=\"twitter:card\" content=\"summary_large_image\" \/>\n<meta name=\"twitter:label1\" content=\"Skrevet av\" \/>\n\t<meta name=\"twitter:data1\" content=\"Ingunn KRISTIANSEN\" \/>\n\t<meta name=\"twitter:label2\" content=\"Ansl. lesetid\" \/>\n\t<meta name=\"twitter:data2\" content=\"2 minutter\" \/>\n<script type=\"application\/ld+json\" class=\"yoast-schema-graph\">{\n\t    \"@context\": \"https:\/\/schema.org\",\n\t    \"@graph\": [\n\t        {\n\t            \"@type\": \"Article\",\n\t            \"@id\": \"https:\/\/www.rajapack.no\/blog-no\/i-dag-18-mars-er-det-global-recycling-day#article\",\n\t            \"isPartOf\": {\n\t                \"@id\": \"https:\/\/www.rajapack.no\/blog-no\/i-dag-18-mars-er-det-global-recycling-day\"\n\t            },\n\t            \"author\": {\n\t                \"name\": \"Ingunn KRISTIANSEN\",\n\t                \"@id\": \"https:\/\/www.rajapack.no\/blog-no\/#\/schema\/person\/309feab02f6c5726f78b2ad5a56f9d62\"\n\t            },\n\t            \"headline\": \"Global Recycling Day\",\n\t            \"datePublished\": \"2021-03-18T10:38:11+00:00\",\n\t            \"dateModified\": \"2021-05-24T07:51:26+00:00\",\n\t            \"mainEntityOfPage\": {\n\t                \"@id\": \"https:\/\/www.rajapack.no\/blog-no\/i-dag-18-mars-er-det-global-recycling-day\"\n\t            },\n\t            \"wordCount\": 251,\n\t            \"commentCount\": 0,\n\t            \"publisher\": {\n\t                \"@id\": \"https:\/\/www.rajapack.no\/blog-no\/#organization\"\n\t            },\n\t            \"image\": {\n\t                \"@id\": \"https:\/\/www.rajapack.no\/blog-no\/i-dag-18-mars-er-det-global-recycling-day#primaryimage\"\n\t            },\n\t            \"thumbnailUrl\": \"https:\/\/www.rajapack.no\/blog-no\/wp-content\/uploads\/2021\/03\/recyclingday.png\",\n\t            \"keywords\": [\n\t                \"milj\u00f8vennlig\",\n\t                \"pakk milj\u00f8vennlig\",\n\t                \"resirkulering\"\n\t            ],\n\t            \"articleSection\": [\n\t                \"Milj\u00f8 og b\u00e6rekraft\"\n\t            ],\n\t            \"inLanguage\": \"nb-NO\",\n\t            \"potentialAction\": [\n\t                {\n\t                    \"@type\": \"CommentAction\",\n\t                    \"name\": \"Comment\",\n\t                    \"target\": [\n\t                        \"https:\/\/www.rajapack.no\/blog-no\/i-dag-18-mars-er-det-global-recycling-day#respond\"\n\t                    ]\n\t                }\n\t            ]\n\t        },\n\t        {\n\t            \"@type\": \"WebPage\",\n\t            \"@id\": \"https:\/\/www.rajapack.no\/blog-no\/i-dag-18-mars-er-det-global-recycling-day\",\n\t            \"url\": \"https:\/\/www.rajapack.no\/blog-no\/i-dag-18-mars-er-det-global-recycling-day\",\n\t            \"name\": \"Global Recycling Day - Smart og b\u00e6rekraftig emballasje - RAJA Norge\",\n\t            \"isPartOf\": {\n\t                \"@id\": \"https:\/\/www.rajapack.no\/blog-no\/#website\"\n\t            },\n\t            \"primaryImageOfPage\": {\n\t                \"@id\": \"https:\/\/www.rajapack.no\/blog-no\/i-dag-18-mars-er-det-global-recycling-day#primaryimage\"\n\t            },\n\t            \"image\": {\n\t                \"@id\": \"https:\/\/www.rajapack.no\/blog-no\/i-dag-18-mars-er-det-global-recycling-day#primaryimage\"\n\t            },\n\t            \"thumbnailUrl\": \"https:\/\/www.rajapack.no\/blog-no\/wp-content\/uploads\/2021\/03\/recyclingday.png\",\n\t            \"datePublished\": \"2021-03-18T10:38:11+00:00\",\n\t            \"dateModified\": \"2021-05-24T07:51:26+00:00\",\n\t            \"description\": \"Global Recycling Day - 18. mars - ble opprettet i 2018 for \u00e5 rette s\u00f8kelyset p\u00e5 hvordan resirkulering er en av l\u00f8sningene p\u00e5 klimakrisen.\",\n\t            \"inLanguage\": \"nb-NO\",\n\t            \"potentialAction\": [\n\t                {\n\t                    \"@type\": \"ReadAction\",\n\t                    \"target\": [\n\t                        \"https:\/\/www.rajapack.no\/blog-no\/i-dag-18-mars-er-det-global-recycling-day\"\n\t                    ]\n\t                }\n\t            ]\n\t        },\n\t        {\n\t            \"@type\": \"ImageObject\",\n\t            \"inLanguage\": \"nb-NO\",\n\t            \"@id\": \"https:\/\/www.rajapack.no\/blog-no\/i-dag-18-mars-er-det-global-recycling-day#primaryimage\",\n\t            \"url\": \"https:\/\/www.rajapack.no\/blog-no\/wp-content\/uploads\/2021\/03\/recyclingday.png\",\n\t            \"contentUrl\": \"https:\/\/www.rajapack.no\/blog-no\/wp-content\/uploads\/2021\/03\/recyclingday.png\",\n\t            \"width\": 837,\n\t            \"height\": 406,\n\t            \"caption\": \"GlobalRecyclingDay\"\n\t        },\n\t        {\n\t            \"@type\": \"WebSite\",\n\t            \"@id\": \"https:\/\/www.rajapack.no\/blog-no\/#website\",\n\t            \"url\": \"https:\/\/www.rajapack.no\/blog-no\/\",\n\t            \"name\": \"SMART OG B\u00c6REKRAFTIG EMBALLASJE | Rajapack NORGE\",\n\t            \"description\": \"R\u00c5D OM SMART OG B\u00c6REKRAFTIG EMBALLASJE\",\n\t            \"publisher\": {\n\t                \"@id\": \"https:\/\/www.rajapack.no\/blog-no\/#organization\"\n\t            },\n\t            \"potentialAction\": [\n\t                {\n\t                    \"@type\": \"SearchAction\",\n\t                    \"target\": {\n\t                        \"@type\": \"EntryPoint\",\n\t                        \"urlTemplate\": \"https:\/\/www.rajapack.no\/blog-no\/?s={search_term_string}\"\n\t                    },\n\t                    \"query-input\": \"required name=search_term_string\"\n\t                }\n\t            ],\n\t            \"inLanguage\": \"nb-NO\"\n\t        },\n\t        {\n\t            \"@type\": \"Organization\",\n\t            \"@id\": \"https:\/\/www.rajapack.no\/blog-no\/#organization\",\n\t            \"name\": \"SMART OG B\u00c6REKRAFTIG EMBALLASJE | Rajapack NORGE\",\n\t            \"url\": \"https:\/\/www.rajapack.no\/blog-no\/\",\n\t            \"logo\": {\n\t                \"@type\": \"ImageObject\",\n\t                \"inLanguage\": \"nb-NO\",\n\t                \"@id\": \"https:\/\/www.rajapack.no\/blog-no\/#\/schema\/logo\/image\/\",\n\t                \"url\": \"https:\/\/www.rajapack.no\/blog-no\/wp-content\/uploads\/2019\/08\/NO-blog-logo-0919-1.png\",\n\t                \"contentUrl\": \"https:\/\/www.rajapack.no\/blog-no\/wp-content\/uploads\/2019\/08\/NO-blog-logo-0919-1.png\",\n\t                \"width\": 572,\n\t                \"height\": 119,\n\t                \"caption\": \"SMART OG B\u00c6REKRAFTIG EMBALLASJE | Rajapack NORGE\"\n\t            },\n\t            \"image\": {\n\t                \"@id\": \"https:\/\/www.rajapack.no\/blog-no\/#\/schema\/logo\/image\/\"\n\t            },\n\t            \"sameAs\": [\n\t                \"https:\/\/www.facebook.com\/rajanorge\/\",\n\t                \"https:\/\/www.instagram.com\/rajanorge\/\",\n\t                \"https:\/\/www.linkedin.com\/company\/rajanorge\/\",\n\t                \"https:\/\/www.youtube.com\/user\/rajapacknorge\"\n\t            ]\n\t        },\n\t        {\n\t            \"@type\": \"Person\",\n\t            \"@id\": \"https:\/\/www.rajapack.no\/blog-no\/#\/schema\/person\/309feab02f6c5726f78b2ad5a56f9d62\",\n\t            \"name\": \"Ingunn KRISTIANSEN\",\n\t            \"image\": {\n\t                \"@type\": \"ImageObject\",\n\t                \"inLanguage\": \"nb-NO\",\n\t                \"@id\": \"https:\/\/www.rajapack.no\/blog-no\/#\/schema\/person\/image\/\",\n\t                \"url\": \"https:\/\/secure.gravatar.com\/avatar\/2f4788eda2fa197caba5482d7250e8a7?s=96&d=mm&r=g\",\n\t                \"contentUrl\": \"https:\/\/secure.gravatar.com\/avatar\/2f4788eda2fa197caba5482d7250e8a7?s=96&d=mm&r=g\",\n\t                \"caption\": \"Ingunn KRISTIANSEN\"\n\t            },\n\t            \"sameAs\": [\n\t                \"https:\/\/www.rajapack.no\"\n\t            ],\n\t            \"url\": \"https:\/\/www.rajapack.no\/blog-no\/author\/ingunn\"\n\t        }\n\t    ]\n\t}<\/script>\n","yoast_head_json":{"title":"Global Recycling Day - Smart og b\u00e6rekraftig emballasje - RAJA Norge","description":"Global Recycling Day - 18. mars - ble opprettet i 2018 for \u00e5 rette s\u00f8kelyset p\u00e5 hvordan resirkulering er en av l\u00f8sningene p\u00e5 klimakrisen.","robots":{"index":"index","follow":"follow","max-snippet":"max-snippet:-1","max-image-preview":"max-image-preview:large","max-video-preview":"max-video-preview:-1"},"canonical":"https:\/\/www.rajapack.no\/blog-no\/i-dag-18-mars-er-det-global-recycling-day","og_locale":"nb_NO","og_type":"article","og_title":"Global Recycling Day - Smart og b\u00e6rekraftig emballasje - RAJA Norge","og_description":"Global Recycling Day - 18. mars - ble opprettet i 2018 for \u00e5 rette s\u00f8kelyset p\u00e5 hvordan resirkulering er en av l\u00f8sningene p\u00e5 klimakrisen.","og_url":"https:\/\/www.rajapack.no\/blog-no\/i-dag-18-mars-er-det-global-recycling-day","og_site_name":"SMART OG B\u00c6REKRAFTIG EMBALLASJE | Rajapack NORGE","article_publisher":"https:\/\/www.facebook.com\/rajanorge\/","article_published_time":"2021-03-18T10:38:11+00:00","article_modified_time":"2021-05-24T07:51:26+00:00","og_image":[{"width":837,"height":406,"url":"https:\/\/www.rajapack.no\/blog-no\/wp-content\/uploads\/2021\/03\/recyclingday.png","type":"image\/png"}],"author":"Ingunn KRISTIANSEN","twitter_card":"summary_large_image","twitter_misc":{"Skrevet av":"Ingunn KRISTIANSEN","Ansl. lesetid":"2 minutter"},"schema":{"@context":"https:\/\/schema.org","@graph":[{"@type":"Article","@id":"https:\/\/www.rajapack.no\/blog-no\/i-dag-18-mars-er-det-global-recycling-day#article","isPartOf":{"@id":"https:\/\/www.rajapack.no\/blog-no\/i-dag-18-mars-er-det-global-recycling-day"},"author":{"name":"Ingunn KRISTIANSEN","@id":"https:\/\/www.rajapack.no\/blog-no\/#\/schema\/person\/309feab02f6c5726f78b2ad5a56f9d62"},"headline":"Global Recycling Day","datePublished":"2021-03-18T10:38:11+00:00","dateModified":"2021-05-24T07:51:26+00:00","mainEntityOfPage":{"@id":"https:\/\/www.rajapack.no\/blog-no\/i-dag-18-mars-er-det-global-recycling-day"},"wordCount":251,"commentCount":0,"publisher":{"@id":"https:\/\/www.rajapack.no\/blog-no\/#organization"},"image":{"@id":"https:\/\/www.rajapack.no\/blog-no\/i-dag-18-mars-er-det-global-recycling-day#primaryimage"},"thumbnailUrl":"https:\/\/www.rajapack.no\/blog-no\/wp-content\/uploads\/2021\/03\/recyclingday.png","keywords":["milj\u00f8vennlig","pakk milj\u00f8vennlig","resirkulering"],"articleSection":["Milj\u00f8 og b\u00e6rekraft"],"inLanguage":"nb-NO","potentialAction":[{"@type":"CommentAction","name":"Comment","target":["https:\/\/www.rajapack.no\/blog-no\/i-dag-18-mars-er-det-global-recycling-day#respond"]}]},{"@type":"WebPage","@id":"https:\/\/www.rajapack.no\/blog-no\/i-dag-18-mars-er-det-global-recycling-day","url":"https:\/\/www.rajapack.no\/blog-no\/i-dag-18-mars-er-det-global-recycling-day","name":"Global Recycling Day - Smart og b\u00e6rekraftig emballasje - RAJA Norge","isPartOf":{"@id":"https:\/\/www.rajapack.no\/blog-no\/#website"},"primaryImageOfPage":{"@id":"https:\/\/www.rajapack.no\/blog-no\/i-dag-18-mars-er-det-global-recycling-day#primaryimage"},"image":{"@id":"https:\/\/www.rajapack.no\/blog-no\/i-dag-18-mars-er-det-global-recycling-day#primaryimage"},"thumbnailUrl":"https:\/\/www.rajapack.no\/blog-no\/wp-content\/uploads\/2021\/03\/recyclingday.png","datePublished":"2021-03-18T10:38:11+00:00","dateModified":"2021-05-24T07:51:26+00:00","description":"Global Recycling Day - 18. mars - ble opprettet i 2018 for \u00e5 rette s\u00f8kelyset p\u00e5 hvordan resirkulering er en av l\u00f8sningene p\u00e5 klimakrisen.","inLanguage":"nb-NO","potentialAction":[{"@type":"ReadAction","target":["https:\/\/www.rajapack.no\/blog-no\/i-dag-18-mars-er-det-global-recycling-day"]}]},{"@type":"ImageObject","inLanguage":"nb-NO","@id":"https:\/\/www.rajapack.no\/blog-no\/i-dag-18-mars-er-det-global-recycling-day#primaryimage","url":"https:\/\/www.rajapack.no\/blog-no\/wp-content\/uploads\/2021\/03\/recyclingday.png","contentUrl":"https:\/\/www.rajapack.no\/blog-no\/wp-content\/uploads\/2021\/03\/recyclingday.png","width":837,"height":406,"caption":"GlobalRecyclingDay"},{"@type":"WebSite","@id":"https:\/\/www.rajapack.no\/blog-no\/#website","url":"https:\/\/www.rajapack.no\/blog-no\/","name":"SMART OG B\u00c6REKRAFTIG EMBALLASJE | Rajapack NORGE","description":"R\u00c5D OM SMART OG B\u00c6REKRAFTIG EMBALLASJE","publisher":{"@id":"https:\/\/www.rajapack.no\/blog-no\/#organization"},"potentialAction":[{"@type":"SearchAction","target":{"@type":"EntryPoint","urlTemplate":"https:\/\/www.rajapack.no\/blog-no\/?s={search_term_string}"},"query-input":"required name=search_term_string"}],"inLanguage":"nb-NO"},{"@type":"Organization","@id":"https:\/\/www.rajapack.no\/blog-no\/#organization","name":"SMART OG B\u00c6REKRAFTIG EMBALLASJE | Rajapack NORGE","url":"https:\/\/www.rajapack.no\/blog-no\/","logo":{"@type":"ImageObject","inLanguage":"nb-NO","@id":"https:\/\/www.rajapack.no\/blog-no\/#\/schema\/logo\/image\/","url":"https:\/\/www.rajapack.no\/blog-no\/wp-content\/uploads\/2019\/08\/NO-blog-logo-0919-1.png","contentUrl":"https:\/\/www.rajapack.no\/blog-no\/wp-content\/uploads\/2019\/08\/NO-blog-logo-0919-1.png","width":572,"height":119,"caption":"SMART OG B\u00c6REKRAFTIG EMBALLASJE | Rajapack NORGE"},"image":{"@id":"https:\/\/www.rajapack.no\/blog-no\/#\/schema\/logo\/image\/"},"sameAs":["https:\/\/www.facebook.com\/rajanorge\/","https:\/\/www.instagram.com\/rajanorge\/","https:\/\/www.linkedin.com\/company\/rajanorge\/","https:\/\/www.youtube.com\/user\/rajapacknorge"]},{"@type":"Person","@id":"https:\/\/www.rajapack.no\/blog-no\/#\/schema\/person\/309feab02f6c5726f78b2ad5a56f9d62","name":"Ingunn KRISTIANSEN","image":{"@type":"ImageObject","inLanguage":"nb-NO","@id":"https:\/\/www.rajapack.no\/blog-no\/#\/schema\/person\/image\/","url":"https:\/\/secure.gravatar.com\/avatar\/2f4788eda2fa197caba5482d7250e8a7?s=96&d=mm&r=g","contentUrl":"https:\/\/secure.gravatar.com\/avatar\/2f4788eda2fa197caba5482d7250e8a7?s=96&d=mm&r=g","caption":"Ingunn KRISTIANSEN"},"sameAs":["https:\/\/www.rajapack.no"],"url":"https:\/\/www.rajapack.no\/blog-no\/author\/ingunn"}]}},"_links":{"self":[{"href":"https:\/\/www.rajapack.no\/blog-no\/wp-json\/wp\/v2\/posts\/11460"}],"collection":[{"href":"https:\/\/www.rajapack.no\/blog-no\/wp-json\/wp\/v2\/posts"}],"about":[{"href":"https:\/\/www.rajapack.no\/blog-no\/wp-json\/wp\/v2\/types\/post"}],"author":[{"embeddable":true,"href":"https:\/\/www.rajapack.no\/blog-no\/wp-json\/wp\/v2\/users\/69"}],"replies":[{"embeddable":true,"href":"https:\/\/www.rajapack.no\/blog-no\/wp-json\/wp\/v2\/comments?post=11460"}],"version-history":[{"count":0,"href":"https:\/\/www.rajapack.no\/blog-no\/wp-json\/wp\/v2\/posts\/11460\/revisions"}],"wp:featuredmedia":[{"embeddable":true,"href":"https:\/\/www.rajapack.no\/blog-no\/wp-json\/wp\/v2\/media\/11461"}],"wp:attachment":[{"href":"https:\/\/www.rajapack.no\/blog-no\/wp-json\/wp\/v2\/media?parent=11460"}],"wp:term":[{"taxonomy":"category","embeddable":true,"href":"https:\/\/www.rajapack.no\/blog-no\/wp-json\/wp\/v2\/categories?post=11460"},{"taxonomy":"post_tag","embeddable":true,"href":"https:\/\/www.rajapack.no\/blog-no\/wp-json\/wp\/v2\/tags?post=11460"}],"curies":[{"name":"wp","href":"https:\/\/api.w.org\/{rel}","templated":true}]}}