{"id":11465,"date":"2021-03-23T19:52:41","date_gmt":"2021-03-23T18:52:41","guid":{"rendered":"https:\/\/www.rajapack.no\/blog-no\/?p=11465"},"modified":"2022-04-05T10:46:11","modified_gmt":"2022-04-05T08:46:11","slug":"earth-hour-slukk-lyset-for-klima-og-natur","status":"publish","type":"post","link":"https:\/\/www.rajapack.no\/blog-no\/earth-hour-slukk-lyset-for-klima-og-natur","title":{"rendered":"Earth Hour &#8211; slukk lyset for klima og natur"},"content":{"rendered":"\n<p>Vil du gj\u00f8re en innsats for klima og natur? N\u00e5 har du sjansen!<\/p><div id=\"ez-toc-container\" class=\"ez-toc-v2_0_67_1 counter-hierarchy ez-toc-counter ez-toc-grey ez-toc-container-direction\">\n<div class=\"ez-toc-title-container\">\n<p class=\"ez-toc-title \" >Innhold<\/p>\n<span class=\"ez-toc-title-toggle\"><a href=\"#\" class=\"ez-toc-pull-right ez-toc-btn ez-toc-btn-xs ez-toc-btn-default ez-toc-toggle\" aria-label=\"Toggle Table of Content\"><span class=\"ez-toc-js-icon-con\"><span class=\"\"><span class=\"eztoc-hide\" style=\"display:none;\">Toggle<\/span><span class=\"ez-toc-icon-toggle-span\"><svg style=\"fill: #999;color:#999\" xmlns=\"http:\/\/www.w3.org\/2000\/svg\" class=\"list-377408\" width=\"20px\" height=\"20px\" viewBox=\"0 0 24 24\" fill=\"none\"><path d=\"M6 6H4v2h2V6zm14 0H8v2h12V6zM4 11h2v2H4v-2zm16 0H8v2h12v-2zM4 16h2v2H4v-2zm16 0H8v2h12v-2z\" fill=\"currentColor\"><\/path><\/svg><svg style=\"fill: #999;color:#999\" class=\"arrow-unsorted-368013\" xmlns=\"http:\/\/www.w3.org\/2000\/svg\" width=\"10px\" height=\"10px\" viewBox=\"0 0 24 24\" version=\"1.2\" baseProfile=\"tiny\"><path d=\"M18.2 9.3l-6.2-6.3-6.2 6.3c-.2.2-.3.4-.3.7s.1.5.3.7c.2.2.4.3.7.3h11c.3 0 .5-.1.7-.3.2-.2.3-.5.3-.7s-.1-.5-.3-.7zM5.8 14.7l6.2 6.3 6.2-6.3c.2-.2.3-.5.3-.7s-.1-.5-.3-.7c-.2-.2-.4-.3-.7-.3h-11c-.3 0-.5.1-.7.3-.2.2-.3.5-.3.7s.1.5.3.7z\"\/><\/svg><\/span><\/span><\/span><\/a><\/span><\/div>\n<nav><ul class='ez-toc-list ez-toc-list-level-1 ' ><li class='ez-toc-page-1 ez-toc-heading-level-2'><a class=\"ez-toc-link ez-toc-heading-1\" href=\"https:\/\/www.rajapack.no\/blog-no\/earth-hour-slukk-lyset-for-klima-og-natur\/#Earth_Hour_fra_2007_til_idag\" title=\"Earth Hour fra 2007 til idag \">Earth Hour fra 2007 til idag <\/a><\/li><\/ul><\/nav><\/div>\n\n\n\n\n<p>L\u00f8rdag 27. mars samles nemlig hundrevis av millioner mennesker til verdens st\u00f8rste markering for klima og natur, WWFs Earth Hour.<\/p>\n\n\n\n<p>Se den offisielle Earth Hour 2021-videoen her: <a href=\"https:\/\/youtu.be\/-fIxCsCrHpY\" target=\"_blank\" rel=\"noreferrer noopener\">https:\/\/youtu.be\/-fIxCsCrHpY<\/a> <\/p>\n\n\n\n<h2 class=\"wp-block-heading\"><span class=\"ez-toc-section\" id=\"Earth_Hour_fra_2007_til_idag\"><\/span>Earth Hour fra 2007 til idag <span class=\"ez-toc-section-end\"><\/span><\/h2>\n\n\n\n<p>Earth Hour er verdens st\u00f8rste grasrotbevegelse for milj\u00f8et og tar sikte p\u00e5 \u00e5 engasjere enkeltmennesker, n\u00e6ringsliv og myndigheter over hele verden. Earth Hour har spredd seg fra en enkelt markering i Sydney i 2007 til en global bevegelse for natur og milj\u00f8, og har v\u00e6rt arrangert i Norge hvert \u00e5r siden 2009. Denne fellesdugnaden er en symbolsk handling for \u00e5 markere at verden st\u00e5r sammen mot klimaendringene. <\/p>\n\n\n\n<p>I 190 land over hele verden ble Earth Hour 2020 markert, som et symbol for hvordan vi st\u00e5r sammen for \u00e5 bevare dette ene hjemmet vi alle deler &#8211; jorden v\u00e5r. Bli med i \u00e5r, s\u00e5 kan vi s\u00f8rge for at Earth Hour 2021 blir den st\u00f8rste markeringen hittil!<\/p>\n\n\n\n<p><a rel=\"noreferrer noopener\" href=\"https:\/\/www.facebook.com\/events\/2856965067848638\" target=\"_blank\">Bli med p\u00e5 Facebook-eventet her!<\/a> <\/p>\n\n\n\n<p>Det eneste du trenger for \u00e5 delta, er tilgang til lysbryterne hjemme. Mellom klokka 20:30 og 21:30 slukker vi lyset i millioner av hjem, bygninger og landemerker over hele verden.<\/p>\n\n\n\n<p>Earth Hour er ingen str\u00f8msparekampanje, men en symbolsk markering. Lysene slukkes for \u00e5 sende et budskap til verdens ledere: Vi m\u00e5 l\u00f8se klima- og naturkrisen, og vi m\u00e5 gj\u00f8re det n\u00e5!<\/p>\n\n\n\n<p>Du trenger alts\u00e5 ikke skru av TV-en eller PC-en. Men hva med \u00e5 tenne stearinlys og gj\u00f8re det til en stemningsfull stund for deg selv, eller sammen med andre \u2013 kanskje p\u00e5 videochat?<\/p>\n\n\n\n<p>Bli med p\u00e5 markeringen og bruk lysbryteren som din stemme for si at vi m\u00e5 bremse klimaendringene og stanse tapet av natur \u2013 n\u00e5!<\/p>\n\n\n\n<p>Les mer p\u00e5 <a href=\"http:\/\/www.earthhour.org\" target=\"_blank\" rel=\"noreferrer noopener\">www.earthhour.org.<\/a><\/p>\n\n\n\n<p><a href=\"https:\/\/www.rajapack.no\/miljo\/miljovennlig-emballasje_cms_000041.html\" target=\"_blank\" rel=\"noreferrer noopener\">Ta et godt klimavalg gjennom bruk av milj\u00f8vennlig emballasje &#8211; se utvalget i nettbutikken <\/a><\/p>\n\n\n\n<p><\/p>\n\n\n\n<p> <\/p>\n","protected":false},"excerpt":{"rendered":"<p>Vil du gj\u00f8re en innsats for klima og natur? N\u00e5 har du sjansen! L\u00f8rdag 27. mars samles nemlig hundrevis av millioner mennesker til verdens st\u00f8rste markering for klima og natur, [&#8230;]<\/p>\n","protected":false},"author":69,"featured_media":11466,"comment_status":"open","ping_status":"open","sticky":false,"template":"","format":"standard","meta":{"_acf_changed":false,"footnotes":""},"categories":[105],"tags":[103,10,47],"class_list":["post-11465","post","type-post","status-publish","format-standard","has-post-thumbnail","hentry","category-miljo-og-baerekraft","tag-baerekraft","tag-baerekraftig","tag-miljovennlig"],"acf":[],"yoast_head":"\n<title>Earth Hour - slukk lyset for klima og natur - RAJA Norge<\/title>\n<meta name=\"description\" content=\"Vil du gj\u00f8re en innsats for klima og natur? Delta i markeringen av Earth Hour 2021 sammen med oss i RAJA Norge!\" \/>\n<meta name=\"robots\" content=\"index, follow, max-snippet:-1, max-image-preview:large, max-video-preview:-1\" \/>\n<link rel=\"canonical\" href=\"https:\/\/www.rajapack.no\/blog-no\/earth-hour-slukk-lyset-for-klima-og-natur\" \/>\n<meta property=\"og:locale\" content=\"nb_NO\" \/>\n<meta property=\"og:type\" content=\"article\" \/>\n<meta property=\"og:title\" content=\"Earth Hour - slukk lyset for klima og natur - RAJA Norge\" \/>\n<meta property=\"og:description\" content=\"Vil du gj\u00f8re en innsats for klima og natur? Delta i markeringen av Earth Hour 2021 sammen med oss i RAJA Norge!\" \/>\n<meta property=\"og:url\" content=\"https:\/\/www.rajapack.no\/blog-no\/earth-hour-slukk-lyset-for-klima-og-natur\" \/>\n<meta property=\"og:site_name\" content=\"SMART OG B\u00c6REKRAFTIG EMBALLASJE | Rajapack NORGE\" \/>\n<meta property=\"article:publisher\" content=\"https:\/\/www.facebook.com\/rajanorge\/\" \/>\n<meta property=\"article:published_time\" content=\"2021-03-23T18:52:41+00:00\" \/>\n<meta property=\"article:modified_time\" content=\"2022-04-05T08:46:11+00:00\" \/>\n<meta property=\"og:image\" content=\"https:\/\/www.rajapack.no\/blog-no\/wp-content\/uploads\/2021\/03\/EarthHour.jpg\" \/>\n\t<meta property=\"og:image:width\" content=\"454\" \/>\n\t<meta property=\"og:image:height\" content=\"356\" \/>\n\t<meta property=\"og:image:type\" content=\"image\/jpeg\" \/>\n<meta name=\"author\" content=\"Ingunn KRISTIANSEN\" \/>\n<meta name=\"twitter:card\" content=\"summary_large_image\" \/>\n<meta name=\"twitter:label1\" content=\"Skrevet av\" \/>\n\t<meta name=\"twitter:data1\" content=\"Ingunn KRISTIANSEN\" \/>\n\t<meta name=\"twitter:label2\" content=\"Ansl. lesetid\" \/>\n\t<meta name=\"twitter:data2\" content=\"2 minutter\" \/>\n<script type=\"application\/ld+json\" class=\"yoast-schema-graph\">{\n\t    \"@context\": \"https:\/\/schema.org\",\n\t    \"@graph\": [\n\t        {\n\t            \"@type\": \"Article\",\n\t            \"@id\": \"https:\/\/www.rajapack.no\/blog-no\/earth-hour-slukk-lyset-for-klima-og-natur#article\",\n\t            \"isPartOf\": {\n\t                \"@id\": \"https:\/\/www.rajapack.no\/blog-no\/earth-hour-slukk-lyset-for-klima-og-natur\"\n\t            },\n\t            \"author\": {\n\t                \"name\": \"Ingunn KRISTIANSEN\",\n\t                \"@id\": \"https:\/\/www.rajapack.no\/blog-no\/#\/schema\/person\/309feab02f6c5726f78b2ad5a56f9d62\"\n\t            },\n\t            \"headline\": \"Earth Hour &#8211; slukk lyset for klima og natur\",\n\t            \"datePublished\": \"2021-03-23T18:52:41+00:00\",\n\t            \"dateModified\": \"2022-04-05T08:46:11+00:00\",\n\t            \"mainEntityOfPage\": {\n\t                \"@id\": \"https:\/\/www.rajapack.no\/blog-no\/earth-hour-slukk-lyset-for-klima-og-natur\"\n\t            },\n\t            \"wordCount\": 318,\n\t            \"commentCount\": 0,\n\t            \"publisher\": {\n\t                \"@id\": \"https:\/\/www.rajapack.no\/blog-no\/#organization\"\n\t            },\n\t            \"image\": {\n\t                \"@id\": \"https:\/\/www.rajapack.no\/blog-no\/earth-hour-slukk-lyset-for-klima-og-natur#primaryimage\"\n\t            },\n\t            \"thumbnailUrl\": \"https:\/\/www.rajapack.no\/blog-no\/wp-content\/uploads\/2021\/03\/EarthHour.jpg\",\n\t            \"keywords\": [\n\t                \"b\u00e6rekraft\",\n\t                \"b\u00e6rekraftig\",\n\t                \"milj\u00f8vennlig\"\n\t            ],\n\t            \"articleSection\": [\n\t                \"Milj\u00f8 og b\u00e6rekraft\"\n\t            ],\n\t            \"inLanguage\": \"nb-NO\",\n\t            \"potentialAction\": [\n\t                {\n\t                    \"@type\": \"CommentAction\",\n\t                    \"name\": \"Comment\",\n\t                    \"target\": [\n\t                        \"https:\/\/www.rajapack.no\/blog-no\/earth-hour-slukk-lyset-for-klima-og-natur#respond\"\n\t                    ]\n\t                }\n\t            ]\n\t        },\n\t        {\n\t            \"@type\": \"WebPage\",\n\t            \"@id\": \"https:\/\/www.rajapack.no\/blog-no\/earth-hour-slukk-lyset-for-klima-og-natur\",\n\t            \"url\": \"https:\/\/www.rajapack.no\/blog-no\/earth-hour-slukk-lyset-for-klima-og-natur\",\n\t            \"name\": \"Earth Hour - slukk lyset for klima og natur - RAJA Norge\",\n\t            \"isPartOf\": {\n\t                \"@id\": \"https:\/\/www.rajapack.no\/blog-no\/#website\"\n\t            },\n\t            \"primaryImageOfPage\": {\n\t                \"@id\": \"https:\/\/www.rajapack.no\/blog-no\/earth-hour-slukk-lyset-for-klima-og-natur#primaryimage\"\n\t            },\n\t            \"image\": {\n\t                \"@id\": \"https:\/\/www.rajapack.no\/blog-no\/earth-hour-slukk-lyset-for-klima-og-natur#primaryimage\"\n\t            },\n\t            \"thumbnailUrl\": \"https:\/\/www.rajapack.no\/blog-no\/wp-content\/uploads\/2021\/03\/EarthHour.jpg\",\n\t            \"datePublished\": \"2021-03-23T18:52:41+00:00\",\n\t            \"dateModified\": \"2022-04-05T08:46:11+00:00\",\n\t            \"description\": \"Vil du gj\u00f8re en innsats for klima og natur? Delta i markeringen av Earth Hour 2021 sammen med oss i RAJA Norge!\",\n\t            \"inLanguage\": \"nb-NO\",\n\t            \"potentialAction\": [\n\t                {\n\t                    \"@type\": \"ReadAction\",\n\t                    \"target\": [\n\t                        \"https:\/\/www.rajapack.no\/blog-no\/earth-hour-slukk-lyset-for-klima-og-natur\"\n\t                    ]\n\t                }\n\t            ]\n\t        },\n\t        {\n\t            \"@type\": \"ImageObject\",\n\t            \"inLanguage\": \"nb-NO\",\n\t            \"@id\": \"https:\/\/www.rajapack.no\/blog-no\/earth-hour-slukk-lyset-for-klima-og-natur#primaryimage\",\n\t            \"url\": \"https:\/\/www.rajapack.no\/blog-no\/wp-content\/uploads\/2021\/03\/EarthHour.jpg\",\n\t            \"contentUrl\": \"https:\/\/www.rajapack.no\/blog-no\/wp-content\/uploads\/2021\/03\/EarthHour.jpg\",\n\t            \"width\": 454,\n\t            \"height\": 356,\n\t            \"caption\": \"Bli med p\u00e5 Earth Hour!\"\n\t        },\n\t        {\n\t            \"@type\": \"WebSite\",\n\t            \"@id\": \"https:\/\/www.rajapack.no\/blog-no\/#website\",\n\t            \"url\": \"https:\/\/www.rajapack.no\/blog-no\/\",\n\t            \"name\": \"SMART OG B\u00c6REKRAFTIG EMBALLASJE | Rajapack NORGE\",\n\t            \"description\": \"R\u00c5D OM SMART OG B\u00c6REKRAFTIG EMBALLASJE\",\n\t            \"publisher\": {\n\t                \"@id\": \"https:\/\/www.rajapack.no\/blog-no\/#organization\"\n\t            },\n\t            \"potentialAction\": [\n\t                {\n\t                    \"@type\": \"SearchAction\",\n\t                    \"target\": {\n\t                        \"@type\": \"EntryPoint\",\n\t                        \"urlTemplate\": \"https:\/\/www.rajapack.no\/blog-no\/?s={search_term_string}\"\n\t                    },\n\t                    \"query-input\": \"required name=search_term_string\"\n\t                }\n\t            ],\n\t            \"inLanguage\": \"nb-NO\"\n\t        },\n\t        {\n\t            \"@type\": \"Organization\",\n\t            \"@id\": \"https:\/\/www.rajapack.no\/blog-no\/#organization\",\n\t            \"name\": \"SMART OG B\u00c6REKRAFTIG EMBALLASJE | Rajapack NORGE\",\n\t            \"url\": \"https:\/\/www.rajapack.no\/blog-no\/\",\n\t            \"logo\": {\n\t                \"@type\": \"ImageObject\",\n\t                \"inLanguage\": \"nb-NO\",\n\t                \"@id\": \"https:\/\/www.rajapack.no\/blog-no\/#\/schema\/logo\/image\/\",\n\t                \"url\": \"https:\/\/www.rajapack.no\/blog-no\/wp-content\/uploads\/2019\/08\/NO-blog-logo-0919-1.png\",\n\t                \"contentUrl\": \"https:\/\/www.rajapack.no\/blog-no\/wp-content\/uploads\/2019\/08\/NO-blog-logo-0919-1.png\",\n\t                \"width\": 572,\n\t                \"height\": 119,\n\t                \"caption\": \"SMART OG B\u00c6REKRAFTIG EMBALLASJE | Rajapack NORGE\"\n\t            },\n\t            \"image\": {\n\t                \"@id\": \"https:\/\/www.rajapack.no\/blog-no\/#\/schema\/logo\/image\/\"\n\t            },\n\t            \"sameAs\": [\n\t                \"https:\/\/www.facebook.com\/rajanorge\/\",\n\t                \"https:\/\/www.instagram.com\/rajanorge\/\",\n\t                \"https:\/\/www.linkedin.com\/company\/rajanorge\/\",\n\t                \"https:\/\/www.youtube.com\/user\/rajapacknorge\"\n\t            ]\n\t        },\n\t        {\n\t            \"@type\": \"Person\",\n\t            \"@id\": \"https:\/\/www.rajapack.no\/blog-no\/#\/schema\/person\/309feab02f6c5726f78b2ad5a56f9d62\",\n\t            \"name\": \"Ingunn KRISTIANSEN\",\n\t            \"image\": {\n\t                \"@type\": \"ImageObject\",\n\t                \"inLanguage\": \"nb-NO\",\n\t                \"@id\": \"https:\/\/www.rajapack.no\/blog-no\/#\/schema\/person\/image\/\",\n\t                \"url\": \"https:\/\/secure.gravatar.com\/avatar\/2f4788eda2fa197caba5482d7250e8a7?s=96&d=mm&r=g\",\n\t                \"contentUrl\": \"https:\/\/secure.gravatar.com\/avatar\/2f4788eda2fa197caba5482d7250e8a7?s=96&d=mm&r=g\",\n\t                \"caption\": \"Ingunn KRISTIANSEN\"\n\t            },\n\t            \"sameAs\": [\n\t                \"https:\/\/www.rajapack.no\"\n\t            ],\n\t            \"url\": \"https:\/\/www.rajapack.no\/blog-no\/author\/ingunn\"\n\t        }\n\t    ]\n\t}<\/script>\n","yoast_head_json":{"title":"Earth Hour - slukk lyset for klima og natur - RAJA Norge","description":"Vil du gj\u00f8re en innsats for klima og natur? Delta i markeringen av Earth Hour 2021 sammen med oss i RAJA Norge!","robots":{"index":"index","follow":"follow","max-snippet":"max-snippet:-1","max-image-preview":"max-image-preview:large","max-video-preview":"max-video-preview:-1"},"canonical":"https:\/\/www.rajapack.no\/blog-no\/earth-hour-slukk-lyset-for-klima-og-natur","og_locale":"nb_NO","og_type":"article","og_title":"Earth Hour - slukk lyset for klima og natur - RAJA Norge","og_description":"Vil du gj\u00f8re en innsats for klima og natur? Delta i markeringen av Earth Hour 2021 sammen med oss i RAJA Norge!","og_url":"https:\/\/www.rajapack.no\/blog-no\/earth-hour-slukk-lyset-for-klima-og-natur","og_site_name":"SMART OG B\u00c6REKRAFTIG EMBALLASJE | Rajapack NORGE","article_publisher":"https:\/\/www.facebook.com\/rajanorge\/","article_published_time":"2021-03-23T18:52:41+00:00","article_modified_time":"2022-04-05T08:46:11+00:00","og_image":[{"width":454,"height":356,"url":"https:\/\/www.rajapack.no\/blog-no\/wp-content\/uploads\/2021\/03\/EarthHour.jpg","type":"image\/jpeg"}],"author":"Ingunn KRISTIANSEN","twitter_card":"summary_large_image","twitter_misc":{"Skrevet av":"Ingunn KRISTIANSEN","Ansl. lesetid":"2 minutter"},"schema":{"@context":"https:\/\/schema.org","@graph":[{"@type":"Article","@id":"https:\/\/www.rajapack.no\/blog-no\/earth-hour-slukk-lyset-for-klima-og-natur#article","isPartOf":{"@id":"https:\/\/www.rajapack.no\/blog-no\/earth-hour-slukk-lyset-for-klima-og-natur"},"author":{"name":"Ingunn KRISTIANSEN","@id":"https:\/\/www.rajapack.no\/blog-no\/#\/schema\/person\/309feab02f6c5726f78b2ad5a56f9d62"},"headline":"Earth Hour &#8211; slukk lyset for klima og natur","datePublished":"2021-03-23T18:52:41+00:00","dateModified":"2022-04-05T08:46:11+00:00","mainEntityOfPage":{"@id":"https:\/\/www.rajapack.no\/blog-no\/earth-hour-slukk-lyset-for-klima-og-natur"},"wordCount":318,"commentCount":0,"publisher":{"@id":"https:\/\/www.rajapack.no\/blog-no\/#organization"},"image":{"@id":"https:\/\/www.rajapack.no\/blog-no\/earth-hour-slukk-lyset-for-klima-og-natur#primaryimage"},"thumbnailUrl":"https:\/\/www.rajapack.no\/blog-no\/wp-content\/uploads\/2021\/03\/EarthHour.jpg","keywords":["b\u00e6rekraft","b\u00e6rekraftig","milj\u00f8vennlig"],"articleSection":["Milj\u00f8 og b\u00e6rekraft"],"inLanguage":"nb-NO","potentialAction":[{"@type":"CommentAction","name":"Comment","target":["https:\/\/www.rajapack.no\/blog-no\/earth-hour-slukk-lyset-for-klima-og-natur#respond"]}]},{"@type":"WebPage","@id":"https:\/\/www.rajapack.no\/blog-no\/earth-hour-slukk-lyset-for-klima-og-natur","url":"https:\/\/www.rajapack.no\/blog-no\/earth-hour-slukk-lyset-for-klima-og-natur","name":"Earth Hour - slukk lyset for klima og natur - RAJA Norge","isPartOf":{"@id":"https:\/\/www.rajapack.no\/blog-no\/#website"},"primaryImageOfPage":{"@id":"https:\/\/www.rajapack.no\/blog-no\/earth-hour-slukk-lyset-for-klima-og-natur#primaryimage"},"image":{"@id":"https:\/\/www.rajapack.no\/blog-no\/earth-hour-slukk-lyset-for-klima-og-natur#primaryimage"},"thumbnailUrl":"https:\/\/www.rajapack.no\/blog-no\/wp-content\/uploads\/2021\/03\/EarthHour.jpg","datePublished":"2021-03-23T18:52:41+00:00","dateModified":"2022-04-05T08:46:11+00:00","description":"Vil du gj\u00f8re en innsats for klima og natur? Delta i markeringen av Earth Hour 2021 sammen med oss i RAJA Norge!","inLanguage":"nb-NO","potentialAction":[{"@type":"ReadAction","target":["https:\/\/www.rajapack.no\/blog-no\/earth-hour-slukk-lyset-for-klima-og-natur"]}]},{"@type":"ImageObject","inLanguage":"nb-NO","@id":"https:\/\/www.rajapack.no\/blog-no\/earth-hour-slukk-lyset-for-klima-og-natur#primaryimage","url":"https:\/\/www.rajapack.no\/blog-no\/wp-content\/uploads\/2021\/03\/EarthHour.jpg","contentUrl":"https:\/\/www.rajapack.no\/blog-no\/wp-content\/uploads\/2021\/03\/EarthHour.jpg","width":454,"height":356,"caption":"Bli med p\u00e5 Earth Hour!"},{"@type":"WebSite","@id":"https:\/\/www.rajapack.no\/blog-no\/#website","url":"https:\/\/www.rajapack.no\/blog-no\/","name":"SMART OG B\u00c6REKRAFTIG EMBALLASJE | Rajapack NORGE","description":"R\u00c5D OM SMART OG B\u00c6REKRAFTIG EMBALLASJE","publisher":{"@id":"https:\/\/www.rajapack.no\/blog-no\/#organization"},"potentialAction":[{"@type":"SearchAction","target":{"@type":"EntryPoint","urlTemplate":"https:\/\/www.rajapack.no\/blog-no\/?s={search_term_string}"},"query-input":"required name=search_term_string"}],"inLanguage":"nb-NO"},{"@type":"Organization","@id":"https:\/\/www.rajapack.no\/blog-no\/#organization","name":"SMART OG B\u00c6REKRAFTIG EMBALLASJE | Rajapack NORGE","url":"https:\/\/www.rajapack.no\/blog-no\/","logo":{"@type":"ImageObject","inLanguage":"nb-NO","@id":"https:\/\/www.rajapack.no\/blog-no\/#\/schema\/logo\/image\/","url":"https:\/\/www.rajapack.no\/blog-no\/wp-content\/uploads\/2019\/08\/NO-blog-logo-0919-1.png","contentUrl":"https:\/\/www.rajapack.no\/blog-no\/wp-content\/uploads\/2019\/08\/NO-blog-logo-0919-1.png","width":572,"height":119,"caption":"SMART OG B\u00c6REKRAFTIG EMBALLASJE | Rajapack NORGE"},"image":{"@id":"https:\/\/www.rajapack.no\/blog-no\/#\/schema\/logo\/image\/"},"sameAs":["https:\/\/www.facebook.com\/rajanorge\/","https:\/\/www.instagram.com\/rajanorge\/","https:\/\/www.linkedin.com\/company\/rajanorge\/","https:\/\/www.youtube.com\/user\/rajapacknorge"]},{"@type":"Person","@id":"https:\/\/www.rajapack.no\/blog-no\/#\/schema\/person\/309feab02f6c5726f78b2ad5a56f9d62","name":"Ingunn KRISTIANSEN","image":{"@type":"ImageObject","inLanguage":"nb-NO","@id":"https:\/\/www.rajapack.no\/blog-no\/#\/schema\/person\/image\/","url":"https:\/\/secure.gravatar.com\/avatar\/2f4788eda2fa197caba5482d7250e8a7?s=96&d=mm&r=g","contentUrl":"https:\/\/secure.gravatar.com\/avatar\/2f4788eda2fa197caba5482d7250e8a7?s=96&d=mm&r=g","caption":"Ingunn KRISTIANSEN"},"sameAs":["https:\/\/www.rajapack.no"],"url":"https:\/\/www.rajapack.no\/blog-no\/author\/ingunn"}]}},"_links":{"self":[{"href":"https:\/\/www.rajapack.no\/blog-no\/wp-json\/wp\/v2\/posts\/11465"}],"collection":[{"href":"https:\/\/www.rajapack.no\/blog-no\/wp-json\/wp\/v2\/posts"}],"about":[{"href":"https:\/\/www.rajapack.no\/blog-no\/wp-json\/wp\/v2\/types\/post"}],"author":[{"embeddable":true,"href":"https:\/\/www.rajapack.no\/blog-no\/wp-json\/wp\/v2\/users\/69"}],"replies":[{"embeddable":true,"href":"https:\/\/www.rajapack.no\/blog-no\/wp-json\/wp\/v2\/comments?post=11465"}],"version-history":[{"count":0,"href":"https:\/\/www.rajapack.no\/blog-no\/wp-json\/wp\/v2\/posts\/11465\/revisions"}],"wp:featuredmedia":[{"embeddable":true,"href":"https:\/\/www.rajapack.no\/blog-no\/wp-json\/wp\/v2\/media\/11466"}],"wp:attachment":[{"href":"https:\/\/www.rajapack.no\/blog-no\/wp-json\/wp\/v2\/media?parent=11465"}],"wp:term":[{"taxonomy":"category","embeddable":true,"href":"https:\/\/www.rajapack.no\/blog-no\/wp-json\/wp\/v2\/categories?post=11465"},{"taxonomy":"post_tag","embeddable":true,"href":"https:\/\/www.rajapack.no\/blog-no\/wp-json\/wp\/v2\/tags?post=11465"}],"curies":[{"name":"wp","href":"https:\/\/api.w.org\/{rel}","templated":true}]}}