{"id":11905,"date":"2021-08-09T17:18:54","date_gmt":"2021-08-09T15:18:54","guid":{"rendered":"https:\/\/www.rajapack.no\/blog-no\/?p=11905"},"modified":"2021-08-09T17:18:57","modified_gmt":"2021-08-09T15:18:57","slug":"pappesker-med-variabel-hoyde","status":"publish","type":"post","link":"https:\/\/www.rajapack.no\/blog-no\/pappesker-med-variabel-hoyde","title":{"rendered":"Pappesker med variabel h\u00f8yde"},"content":{"rendered":"\n<p>\u00d8nsker du \u00e5 optimalisere emballasjebudsjettet ditt? Da b\u00f8r du ta en titt p\u00e5 esker som tilpasser seg st\u00f8rrelsen p\u00e5 produktene dine.<\/p><div id=\"ez-toc-container\" class=\"ez-toc-v2_0_67_1 counter-hierarchy ez-toc-counter ez-toc-grey ez-toc-container-direction\">\n<div class=\"ez-toc-title-container\">\n<p class=\"ez-toc-title \" >Innhold<\/p>\n<span class=\"ez-toc-title-toggle\"><a href=\"#\" class=\"ez-toc-pull-right ez-toc-btn ez-toc-btn-xs ez-toc-btn-default ez-toc-toggle\" aria-label=\"Toggle Table of Content\"><span class=\"ez-toc-js-icon-con\"><span class=\"\"><span class=\"eztoc-hide\" style=\"display:none;\">Toggle<\/span><span class=\"ez-toc-icon-toggle-span\"><svg style=\"fill: #999;color:#999\" xmlns=\"http:\/\/www.w3.org\/2000\/svg\" class=\"list-377408\" width=\"20px\" height=\"20px\" viewBox=\"0 0 24 24\" fill=\"none\"><path d=\"M6 6H4v2h2V6zm14 0H8v2h12V6zM4 11h2v2H4v-2zm16 0H8v2h12v-2zM4 16h2v2H4v-2zm16 0H8v2h12v-2z\" fill=\"currentColor\"><\/path><\/svg><svg style=\"fill: #999;color:#999\" class=\"arrow-unsorted-368013\" xmlns=\"http:\/\/www.w3.org\/2000\/svg\" width=\"10px\" height=\"10px\" viewBox=\"0 0 24 24\" version=\"1.2\" baseProfile=\"tiny\"><path d=\"M18.2 9.3l-6.2-6.3-6.2 6.3c-.2.2-.3.4-.3.7s.1.5.3.7c.2.2.4.3.7.3h11c.3 0 .5-.1.7-.3.2-.2.3-.5.3-.7s-.1-.5-.3-.7zM5.8 14.7l6.2 6.3 6.2-6.3c.2-.2.3-.5.3-.7s-.1-.5-.3-.7c-.2-.2-.4-.3-.7-.3h-11c-.3 0-.5.1-.7.3-.2.2-.3.5-.3.7s.1.5.3.7z\"\/><\/svg><\/span><\/span><\/span><\/a><\/span><\/div>\n<nav><ul class='ez-toc-list ez-toc-list-level-1 ' ><li class='ez-toc-page-1 ez-toc-heading-level-3'><a class=\"ez-toc-link ez-toc-heading-1\" href=\"https:\/\/www.rajapack.no\/blog-no\/pappesker-med-variabel-hoyde\/#Fordelene_med_en_eske_med_variabel_hoyde\" title=\"Fordelene med en eske med variabel h\u00f8yde\">Fordelene med en eske med variabel h\u00f8yde<\/a><\/li><li class='ez-toc-page-1 ez-toc-heading-level-3'><a class=\"ez-toc-link ez-toc-heading-2\" href=\"https:\/\/www.rajapack.no\/blog-no\/pappesker-med-variabel-hoyde\/#Variable_esker_og_teleskopesker_%E2%80%93_de_forskjellige_variantene\" title=\"Variable esker og teleskopesker &#8211; de forskjellige variantene:\">Variable esker og teleskopesker &#8211; de forskjellige variantene:<\/a><\/li><\/ul><\/nav><\/div>\n\n\n\n\n<p>Med en variabel eske trenger du ikke lenger \u00e5 kj\u00f8pe mange forskjellige eskest\u00f8rrelser, og du sparer ogs\u00e5 plass p\u00e5 lageret. Hvis du sender produkter i mange forskjellige st\u00f8rrelser har du sannsynligvis lagt merke til hvor mange esker i ulike st\u00f8rrelser esker du trenger, og du vil ofte bruke mye pakkefyll n\u00e5r esken ikke passer helt.<\/p>\n\n\n\n<p>Hvis du \u00f8nsker lavere emballasjekostnader, er det ogs\u00e5 smart \u00e5 redusere hulrom og volumvekt, slik at du sparer b\u00e5de pakkefyll og transportkostnader. <a href=\"https:\/\/www.rajapack.no\/blog-no\/hva-er-volumvekt-og-hvordan-pavirker-det-fraktkostnadene-dine-raja-norge\/\">Les mer om volumetrisk vekt i denne artikkelen<\/a>.<\/p>\n\n\n\n<figure class=\"wp-block-image size-large is-resized\"><img loading=\"lazy\" decoding=\"async\" src=\"https:\/\/www.rajapack.no\/blog-no\/wp-content\/uploads\/2021\/08\/variabel-eske-2-1024x701.png\" alt=\"\" class=\"wp-image-11908\" width=\"381\" height=\"261\" srcset=\"https:\/\/www.rajapack.no\/blog-no\/wp-content\/uploads\/2021\/08\/variabel-eske-2-1024x701.png 1024w, https:\/\/www.rajapack.no\/blog-no\/wp-content\/uploads\/2021\/08\/variabel-eske-2-430x294.png 430w, https:\/\/www.rajapack.no\/blog-no\/wp-content\/uploads\/2021\/08\/variabel-eske-2-768x526.png 768w, https:\/\/www.rajapack.no\/blog-no\/wp-content\/uploads\/2021\/08\/variabel-eske-2.png 1265w\" sizes=\"(max-width: 381px) 100vw, 381px\" \/><\/figure>\n\n\n\n<h3 class=\"wp-block-heading\"><span class=\"ez-toc-section\" id=\"Fordelene_med_en_eske_med_variabel_hoyde\"><\/span><strong>Fordelene med en eske med variabel h\u00f8yde<\/strong><span class=\"ez-toc-section-end\"><\/span><\/h3>\n\n\n\n<ul class=\"wp-block-list\"><li>Esker med variabel h\u00f8yde kan justeres fra 5 til 11 h\u00f8yder.<\/li><li>Plassbesparende.<\/li><li>Reduserer hulrom.<\/li><li>Reduserer bruken av pakkefyll og beskyttelsesmateriale.<\/li><\/ul>\n\n\n\n<p><\/p>\n\n\n\n<h3 class=\"wp-block-heading\"><span class=\"ez-toc-section\" id=\"Variable_esker_og_teleskopesker_%E2%80%93_de_forskjellige_variantene\"><\/span><strong>Variable esker og teleskopesker &#8211; de forskjellige variantene:<\/strong><span class=\"ez-toc-section-end\"><\/span><\/h3>\n\n\n\n<p>Justerbare pappesker, dvs. esker hvor h\u00f8yden kan varieres ved hjelp av riller og justering i sidene, er tilgjengelige i forskjellige utgaver. De finnes med automatbunn som er rask \u00e5 montere og med en selvklebende lukking som b\u00e5de kan spare tid i pakkeprosessen. Men en vanlig eske som brettes og har variabel h\u00f8yde, kan ogs\u00e5 bidra til \u00e5 optimalisere og spare plass p\u00e5 lageret.<\/p>\n\n\n\n<p><\/p>\n\n\n\n<figure class=\"wp-block-image size-full\"><img loading=\"lazy\" decoding=\"async\" width=\"303\" height=\"255\" src=\"https:\/\/www.rajapack.no\/blog-no\/wp-content\/uploads\/2021\/08\/image-14.png\" alt=\"\" class=\"wp-image-11910\"\/><figcaption><em>Variabel eske med automatbunn, selvklebende lukking og strip\u00e5pning<\/em><\/figcaption><\/figure>\n\n\n\n<figure class=\"wp-block-image size-full\"><img loading=\"lazy\" decoding=\"async\" width=\"323\" height=\"332\" src=\"https:\/\/www.rajapack.no\/blog-no\/wp-content\/uploads\/2021\/08\/image-13.png\" alt=\"\" class=\"wp-image-11911\"\/><figcaption><em>Variabel eske med automatbunn &#8211; enkel eller dobbel b\u00f8lgepapp<\/em><\/figcaption><\/figure>\n\n\n\n<figure class=\"wp-block-image size-full\"><img loading=\"lazy\" decoding=\"async\" width=\"268\" height=\"286\" src=\"https:\/\/www.rajapack.no\/blog-no\/wp-content\/uploads\/2021\/08\/image-12.png\" alt=\"\" class=\"wp-image-11912\"\/><figcaption><em>Variabel eske med 5 h\u00f8yder<\/em><\/figcaption><\/figure>\n\n\n\n<p><a href=\"https:\/\/www.rajapack.no\/esker-pappesker-og-trekasser\/pappesker-etter-type\/teleskopesker_C102420.html\" target=\"_blank\" rel=\"noreferrer noopener\">Teleskopesker <\/a>er en annen variant av variable pappesker. En teleskopeske er en sterk eske med lokk og bunn. Den krever montering, men er ideell for f.eks. \u201cstablevarer\u201d eller hvis det skal v\u00e6re mulig \u00e5 fylle p\u00e5 trykksaker. Den er ekstra stabil, ettersom esken best\u00e5r av flere lag papp etter at den er montert, og holdes lukket ved hjelp av <a href=\"https:\/\/www.rajapack.no\/tape-strammeband-og-forsegling\/strammeband-og-tilbehor_C1818.html\" target=\"_blank\" rel=\"noreferrer noopener\">strammeb\u00e5nd<\/a>.<\/p>\n\n\n\n<figure class=\"wp-block-image size-full\"><img loading=\"lazy\" decoding=\"async\" width=\"605\" height=\"289\" src=\"https:\/\/www.rajapack.no\/blog-no\/wp-content\/uploads\/2021\/08\/teleskopesker.png\" alt=\"\" class=\"wp-image-11913\" srcset=\"https:\/\/www.rajapack.no\/blog-no\/wp-content\/uploads\/2021\/08\/teleskopesker.png 605w, https:\/\/www.rajapack.no\/blog-no\/wp-content\/uploads\/2021\/08\/teleskopesker-430x205.png 430w\" sizes=\"(max-width: 605px) 100vw, 605px\" \/><figcaption><em>Teleskopesker er tilgjengelig i b\u00e5de hvit og brun<\/em><\/figcaption><\/figure>\n\n\n\n<p><\/p>\n\n\n\n<p>Hvis du trenger r\u00e5d og veiledning, er v\u00e5rt kundesenter klart til \u00e5 hjelpe. Send oss \u200b\u200ben e-post p\u00e5 <a href=\"mailto:post@rajapack.no\" target=\"_blank\" rel=\"noreferrer noopener\">post@rajapack.no<\/a> eller ring oss p\u00e5 22 51 40 00, s\u00e5 finner vi sammen de beste emballasjel\u00f8sningene for din bedrifts behov.<\/p>\n","protected":false},"excerpt":{"rendered":"<p>\u00d8nsker du \u00e5 optimalisere emballasjebudsjettet ditt? Da b\u00f8r du ta en titt p\u00e5 esker som tilpasser seg st\u00f8rrelsen p\u00e5 produktene dine.<\/p>\n","protected":false},"author":69,"featured_media":11911,"comment_status":"open","ping_status":"open","sticky":false,"template":"","format":"standard","meta":{"_acf_changed":false,"footnotes":""},"categories":[2,6,7],"tags":[21,24,26,51,66],"class_list":["post-11905","post","type-post","status-publish","format-standard","has-post-thumbnail","hentry","category-e-handel-og-logistikk","category-produkter","category-rad-og-tips","tag-e-handel","tag-ehandel","tag-emballasje","tag-nettbutikk","tag-pappesker"],"acf":[],"yoast_head":"\n<title>Pappesker med variabel h\u00f8yde - RAJA Norge - Smart og b\u00e6rekraftig<\/title>\n<meta name=\"description\" content=\"\u00d8nsker du \u00e5 optimalisere emballasjebudsjettet ditt? Da b\u00f8r du ta en titt p\u00e5 pappesker som tilpasser seg st\u00f8rrelsen p\u00e5 produktene dine.\" \/>\n<meta name=\"robots\" content=\"index, follow, max-snippet:-1, max-image-preview:large, max-video-preview:-1\" \/>\n<link rel=\"canonical\" href=\"https:\/\/www.rajapack.no\/blog-no\/pappesker-med-variabel-hoyde\" \/>\n<meta property=\"og:locale\" content=\"nb_NO\" \/>\n<meta property=\"og:type\" content=\"article\" \/>\n<meta property=\"og:title\" content=\"Pappesker med variabel h\u00f8yde - RAJA Norge - Smart og b\u00e6rekraftig\" \/>\n<meta property=\"og:description\" content=\"\u00d8nsker du \u00e5 optimalisere emballasjebudsjettet ditt? Da b\u00f8r du ta en titt p\u00e5 pappesker som tilpasser seg st\u00f8rrelsen p\u00e5 produktene dine.\" \/>\n<meta property=\"og:url\" content=\"https:\/\/www.rajapack.no\/blog-no\/pappesker-med-variabel-hoyde\" \/>\n<meta property=\"og:site_name\" content=\"SMART OG B\u00c6REKRAFTIG EMBALLASJE | Rajapack NORGE\" \/>\n<meta property=\"article:publisher\" content=\"https:\/\/www.facebook.com\/rajanorge\/\" \/>\n<meta property=\"article:published_time\" content=\"2021-08-09T15:18:54+00:00\" \/>\n<meta property=\"article:modified_time\" content=\"2021-08-09T15:18:57+00:00\" \/>\n<meta property=\"og:image\" content=\"https:\/\/www.rajapack.no\/blog-no\/wp-content\/uploads\/2021\/08\/image-13.png\" \/>\n\t<meta property=\"og:image:width\" content=\"323\" \/>\n\t<meta property=\"og:image:height\" content=\"332\" \/>\n\t<meta property=\"og:image:type\" content=\"image\/png\" \/>\n<meta name=\"author\" content=\"Ingunn KRISTIANSEN\" \/>\n<meta name=\"twitter:card\" content=\"summary_large_image\" \/>\n<meta name=\"twitter:label1\" content=\"Skrevet av\" \/>\n\t<meta name=\"twitter:data1\" content=\"Ingunn KRISTIANSEN\" \/>\n\t<meta name=\"twitter:label2\" content=\"Ansl. lesetid\" \/>\n\t<meta name=\"twitter:data2\" content=\"3 minutter\" \/>\n<script type=\"application\/ld+json\" class=\"yoast-schema-graph\">{\n\t    \"@context\": \"https:\/\/schema.org\",\n\t    \"@graph\": [\n\t        {\n\t            \"@type\": \"Article\",\n\t            \"@id\": \"https:\/\/www.rajapack.no\/blog-no\/pappesker-med-variabel-hoyde#article\",\n\t            \"isPartOf\": {\n\t                \"@id\": \"https:\/\/www.rajapack.no\/blog-no\/pappesker-med-variabel-hoyde\"\n\t            },\n\t            \"author\": {\n\t                \"name\": \"Ingunn KRISTIANSEN\",\n\t                \"@id\": \"https:\/\/www.rajapack.no\/blog-no\/#\/schema\/person\/309feab02f6c5726f78b2ad5a56f9d62\"\n\t            },\n\t            \"headline\": \"Pappesker med variabel h\u00f8yde\",\n\t            \"datePublished\": \"2021-08-09T15:18:54+00:00\",\n\t            \"dateModified\": \"2021-08-09T15:18:57+00:00\",\n\t            \"mainEntityOfPage\": {\n\t                \"@id\": \"https:\/\/www.rajapack.no\/blog-no\/pappesker-med-variabel-hoyde\"\n\t            },\n\t            \"wordCount\": 350,\n\t            \"commentCount\": 0,\n\t            \"publisher\": {\n\t                \"@id\": \"https:\/\/www.rajapack.no\/blog-no\/#organization\"\n\t            },\n\t            \"image\": {\n\t                \"@id\": \"https:\/\/www.rajapack.no\/blog-no\/pappesker-med-variabel-hoyde#primaryimage\"\n\t            },\n\t            \"thumbnailUrl\": \"https:\/\/www.rajapack.no\/blog-no\/wp-content\/uploads\/2021\/08\/image-13.png\",\n\t            \"keywords\": [\n\t                \"e-handel\",\n\t                \"ehandel\",\n\t                \"emballasje\",\n\t                \"nettbutikk\",\n\t                \"pappesker\"\n\t            ],\n\t            \"articleSection\": [\n\t                \"E-handel og logistikk\",\n\t                \"Produkter\",\n\t                \"R\u00e5d og tips\"\n\t            ],\n\t            \"inLanguage\": \"nb-NO\",\n\t            \"potentialAction\": [\n\t                {\n\t                    \"@type\": \"CommentAction\",\n\t                    \"name\": \"Comment\",\n\t                    \"target\": [\n\t                        \"https:\/\/www.rajapack.no\/blog-no\/pappesker-med-variabel-hoyde#respond\"\n\t                    ]\n\t                }\n\t            ]\n\t        },\n\t        {\n\t            \"@type\": \"WebPage\",\n\t            \"@id\": \"https:\/\/www.rajapack.no\/blog-no\/pappesker-med-variabel-hoyde\",\n\t            \"url\": \"https:\/\/www.rajapack.no\/blog-no\/pappesker-med-variabel-hoyde\",\n\t            \"name\": \"Pappesker med variabel h\u00f8yde - RAJA Norge - Smart og b\u00e6rekraftig\",\n\t            \"isPartOf\": {\n\t                \"@id\": \"https:\/\/www.rajapack.no\/blog-no\/#website\"\n\t            },\n\t            \"primaryImageOfPage\": {\n\t                \"@id\": \"https:\/\/www.rajapack.no\/blog-no\/pappesker-med-variabel-hoyde#primaryimage\"\n\t            },\n\t            \"image\": {\n\t                \"@id\": \"https:\/\/www.rajapack.no\/blog-no\/pappesker-med-variabel-hoyde#primaryimage\"\n\t            },\n\t            \"thumbnailUrl\": \"https:\/\/www.rajapack.no\/blog-no\/wp-content\/uploads\/2021\/08\/image-13.png\",\n\t            \"datePublished\": \"2021-08-09T15:18:54+00:00\",\n\t            \"dateModified\": \"2021-08-09T15:18:57+00:00\",\n\t            \"description\": \"\u00d8nsker du \u00e5 optimalisere emballasjebudsjettet ditt? Da b\u00f8r du ta en titt p\u00e5 pappesker som tilpasser seg st\u00f8rrelsen p\u00e5 produktene dine.\",\n\t            \"inLanguage\": \"nb-NO\",\n\t            \"potentialAction\": [\n\t                {\n\t                    \"@type\": \"ReadAction\",\n\t                    \"target\": [\n\t                        \"https:\/\/www.rajapack.no\/blog-no\/pappesker-med-variabel-hoyde\"\n\t                    ]\n\t                }\n\t            ]\n\t        },\n\t        {\n\t            \"@type\": \"ImageObject\",\n\t            \"inLanguage\": \"nb-NO\",\n\t            \"@id\": \"https:\/\/www.rajapack.no\/blog-no\/pappesker-med-variabel-hoyde#primaryimage\",\n\t            \"url\": \"https:\/\/www.rajapack.no\/blog-no\/wp-content\/uploads\/2021\/08\/image-13.png\",\n\t            \"contentUrl\": \"https:\/\/www.rajapack.no\/blog-no\/wp-content\/uploads\/2021\/08\/image-13.png\",\n\t            \"width\": 323,\n\t            \"height\": 332\n\t        },\n\t        {\n\t            \"@type\": \"WebSite\",\n\t            \"@id\": \"https:\/\/www.rajapack.no\/blog-no\/#website\",\n\t            \"url\": \"https:\/\/www.rajapack.no\/blog-no\/\",\n\t            \"name\": \"SMART OG B\u00c6REKRAFTIG EMBALLASJE | Rajapack NORGE\",\n\t            \"description\": \"R\u00c5D OM SMART OG B\u00c6REKRAFTIG EMBALLASJE\",\n\t            \"publisher\": {\n\t                \"@id\": \"https:\/\/www.rajapack.no\/blog-no\/#organization\"\n\t            },\n\t            \"potentialAction\": [\n\t                {\n\t                    \"@type\": \"SearchAction\",\n\t                    \"target\": {\n\t                        \"@type\": \"EntryPoint\",\n\t                        \"urlTemplate\": \"https:\/\/www.rajapack.no\/blog-no\/?s={search_term_string}\"\n\t                    },\n\t                    \"query-input\": \"required name=search_term_string\"\n\t                }\n\t            ],\n\t            \"inLanguage\": \"nb-NO\"\n\t        },\n\t        {\n\t            \"@type\": \"Organization\",\n\t            \"@id\": \"https:\/\/www.rajapack.no\/blog-no\/#organization\",\n\t            \"name\": \"SMART OG B\u00c6REKRAFTIG EMBALLASJE | Rajapack NORGE\",\n\t            \"url\": \"https:\/\/www.rajapack.no\/blog-no\/\",\n\t            \"logo\": {\n\t                \"@type\": \"ImageObject\",\n\t                \"inLanguage\": \"nb-NO\",\n\t                \"@id\": \"https:\/\/www.rajapack.no\/blog-no\/#\/schema\/logo\/image\/\",\n\t                \"url\": \"https:\/\/www.rajapack.no\/blog-no\/wp-content\/uploads\/2019\/08\/NO-blog-logo-0919-1.png\",\n\t                \"contentUrl\": \"https:\/\/www.rajapack.no\/blog-no\/wp-content\/uploads\/2019\/08\/NO-blog-logo-0919-1.png\",\n\t                \"width\": 572,\n\t                \"height\": 119,\n\t                \"caption\": \"SMART OG B\u00c6REKRAFTIG EMBALLASJE | Rajapack NORGE\"\n\t            },\n\t            \"image\": {\n\t                \"@id\": \"https:\/\/www.rajapack.no\/blog-no\/#\/schema\/logo\/image\/\"\n\t            },\n\t            \"sameAs\": [\n\t                \"https:\/\/www.facebook.com\/rajanorge\/\",\n\t                \"https:\/\/www.instagram.com\/rajanorge\/\",\n\t                \"https:\/\/www.linkedin.com\/company\/rajanorge\/\",\n\t                \"https:\/\/www.youtube.com\/user\/rajapacknorge\"\n\t            ]\n\t        },\n\t        {\n\t            \"@type\": \"Person\",\n\t            \"@id\": \"https:\/\/www.rajapack.no\/blog-no\/#\/schema\/person\/309feab02f6c5726f78b2ad5a56f9d62\",\n\t            \"name\": \"Ingunn KRISTIANSEN\",\n\t            \"image\": {\n\t                \"@type\": \"ImageObject\",\n\t                \"inLanguage\": \"nb-NO\",\n\t                \"@id\": \"https:\/\/www.rajapack.no\/blog-no\/#\/schema\/person\/image\/\",\n\t                \"url\": \"https:\/\/secure.gravatar.com\/avatar\/2f4788eda2fa197caba5482d7250e8a7?s=96&d=mm&r=g\",\n\t                \"contentUrl\": \"https:\/\/secure.gravatar.com\/avatar\/2f4788eda2fa197caba5482d7250e8a7?s=96&d=mm&r=g\",\n\t                \"caption\": \"Ingunn KRISTIANSEN\"\n\t            },\n\t            \"sameAs\": [\n\t                \"https:\/\/www.rajapack.no\"\n\t            ],\n\t            \"url\": \"https:\/\/www.rajapack.no\/blog-no\/author\/ingunn\"\n\t        }\n\t    ]\n\t}<\/script>\n","yoast_head_json":{"title":"Pappesker med variabel h\u00f8yde - RAJA Norge - Smart og b\u00e6rekraftig","description":"\u00d8nsker du \u00e5 optimalisere emballasjebudsjettet ditt? Da b\u00f8r du ta en titt p\u00e5 pappesker som tilpasser seg st\u00f8rrelsen p\u00e5 produktene dine.","robots":{"index":"index","follow":"follow","max-snippet":"max-snippet:-1","max-image-preview":"max-image-preview:large","max-video-preview":"max-video-preview:-1"},"canonical":"https:\/\/www.rajapack.no\/blog-no\/pappesker-med-variabel-hoyde","og_locale":"nb_NO","og_type":"article","og_title":"Pappesker med variabel h\u00f8yde - RAJA Norge - Smart og b\u00e6rekraftig","og_description":"\u00d8nsker du \u00e5 optimalisere emballasjebudsjettet ditt? Da b\u00f8r du ta en titt p\u00e5 pappesker som tilpasser seg st\u00f8rrelsen p\u00e5 produktene dine.","og_url":"https:\/\/www.rajapack.no\/blog-no\/pappesker-med-variabel-hoyde","og_site_name":"SMART OG B\u00c6REKRAFTIG EMBALLASJE | Rajapack NORGE","article_publisher":"https:\/\/www.facebook.com\/rajanorge\/","article_published_time":"2021-08-09T15:18:54+00:00","article_modified_time":"2021-08-09T15:18:57+00:00","og_image":[{"width":323,"height":332,"url":"https:\/\/www.rajapack.no\/blog-no\/wp-content\/uploads\/2021\/08\/image-13.png","type":"image\/png"}],"author":"Ingunn KRISTIANSEN","twitter_card":"summary_large_image","twitter_misc":{"Skrevet av":"Ingunn KRISTIANSEN","Ansl. lesetid":"3 minutter"},"schema":{"@context":"https:\/\/schema.org","@graph":[{"@type":"Article","@id":"https:\/\/www.rajapack.no\/blog-no\/pappesker-med-variabel-hoyde#article","isPartOf":{"@id":"https:\/\/www.rajapack.no\/blog-no\/pappesker-med-variabel-hoyde"},"author":{"name":"Ingunn KRISTIANSEN","@id":"https:\/\/www.rajapack.no\/blog-no\/#\/schema\/person\/309feab02f6c5726f78b2ad5a56f9d62"},"headline":"Pappesker med variabel h\u00f8yde","datePublished":"2021-08-09T15:18:54+00:00","dateModified":"2021-08-09T15:18:57+00:00","mainEntityOfPage":{"@id":"https:\/\/www.rajapack.no\/blog-no\/pappesker-med-variabel-hoyde"},"wordCount":350,"commentCount":0,"publisher":{"@id":"https:\/\/www.rajapack.no\/blog-no\/#organization"},"image":{"@id":"https:\/\/www.rajapack.no\/blog-no\/pappesker-med-variabel-hoyde#primaryimage"},"thumbnailUrl":"https:\/\/www.rajapack.no\/blog-no\/wp-content\/uploads\/2021\/08\/image-13.png","keywords":["e-handel","ehandel","emballasje","nettbutikk","pappesker"],"articleSection":["E-handel og logistikk","Produkter","R\u00e5d og tips"],"inLanguage":"nb-NO","potentialAction":[{"@type":"CommentAction","name":"Comment","target":["https:\/\/www.rajapack.no\/blog-no\/pappesker-med-variabel-hoyde#respond"]}]},{"@type":"WebPage","@id":"https:\/\/www.rajapack.no\/blog-no\/pappesker-med-variabel-hoyde","url":"https:\/\/www.rajapack.no\/blog-no\/pappesker-med-variabel-hoyde","name":"Pappesker med variabel h\u00f8yde - RAJA Norge - Smart og b\u00e6rekraftig","isPartOf":{"@id":"https:\/\/www.rajapack.no\/blog-no\/#website"},"primaryImageOfPage":{"@id":"https:\/\/www.rajapack.no\/blog-no\/pappesker-med-variabel-hoyde#primaryimage"},"image":{"@id":"https:\/\/www.rajapack.no\/blog-no\/pappesker-med-variabel-hoyde#primaryimage"},"thumbnailUrl":"https:\/\/www.rajapack.no\/blog-no\/wp-content\/uploads\/2021\/08\/image-13.png","datePublished":"2021-08-09T15:18:54+00:00","dateModified":"2021-08-09T15:18:57+00:00","description":"\u00d8nsker du \u00e5 optimalisere emballasjebudsjettet ditt? Da b\u00f8r du ta en titt p\u00e5 pappesker som tilpasser seg st\u00f8rrelsen p\u00e5 produktene dine.","inLanguage":"nb-NO","potentialAction":[{"@type":"ReadAction","target":["https:\/\/www.rajapack.no\/blog-no\/pappesker-med-variabel-hoyde"]}]},{"@type":"ImageObject","inLanguage":"nb-NO","@id":"https:\/\/www.rajapack.no\/blog-no\/pappesker-med-variabel-hoyde#primaryimage","url":"https:\/\/www.rajapack.no\/blog-no\/wp-content\/uploads\/2021\/08\/image-13.png","contentUrl":"https:\/\/www.rajapack.no\/blog-no\/wp-content\/uploads\/2021\/08\/image-13.png","width":323,"height":332},{"@type":"WebSite","@id":"https:\/\/www.rajapack.no\/blog-no\/#website","url":"https:\/\/www.rajapack.no\/blog-no\/","name":"SMART OG B\u00c6REKRAFTIG EMBALLASJE | Rajapack NORGE","description":"R\u00c5D OM SMART OG B\u00c6REKRAFTIG EMBALLASJE","publisher":{"@id":"https:\/\/www.rajapack.no\/blog-no\/#organization"},"potentialAction":[{"@type":"SearchAction","target":{"@type":"EntryPoint","urlTemplate":"https:\/\/www.rajapack.no\/blog-no\/?s={search_term_string}"},"query-input":"required name=search_term_string"}],"inLanguage":"nb-NO"},{"@type":"Organization","@id":"https:\/\/www.rajapack.no\/blog-no\/#organization","name":"SMART OG B\u00c6REKRAFTIG EMBALLASJE | Rajapack NORGE","url":"https:\/\/www.rajapack.no\/blog-no\/","logo":{"@type":"ImageObject","inLanguage":"nb-NO","@id":"https:\/\/www.rajapack.no\/blog-no\/#\/schema\/logo\/image\/","url":"https:\/\/www.rajapack.no\/blog-no\/wp-content\/uploads\/2019\/08\/NO-blog-logo-0919-1.png","contentUrl":"https:\/\/www.rajapack.no\/blog-no\/wp-content\/uploads\/2019\/08\/NO-blog-logo-0919-1.png","width":572,"height":119,"caption":"SMART OG B\u00c6REKRAFTIG EMBALLASJE | Rajapack NORGE"},"image":{"@id":"https:\/\/www.rajapack.no\/blog-no\/#\/schema\/logo\/image\/"},"sameAs":["https:\/\/www.facebook.com\/rajanorge\/","https:\/\/www.instagram.com\/rajanorge\/","https:\/\/www.linkedin.com\/company\/rajanorge\/","https:\/\/www.youtube.com\/user\/rajapacknorge"]},{"@type":"Person","@id":"https:\/\/www.rajapack.no\/blog-no\/#\/schema\/person\/309feab02f6c5726f78b2ad5a56f9d62","name":"Ingunn KRISTIANSEN","image":{"@type":"ImageObject","inLanguage":"nb-NO","@id":"https:\/\/www.rajapack.no\/blog-no\/#\/schema\/person\/image\/","url":"https:\/\/secure.gravatar.com\/avatar\/2f4788eda2fa197caba5482d7250e8a7?s=96&d=mm&r=g","contentUrl":"https:\/\/secure.gravatar.com\/avatar\/2f4788eda2fa197caba5482d7250e8a7?s=96&d=mm&r=g","caption":"Ingunn KRISTIANSEN"},"sameAs":["https:\/\/www.rajapack.no"],"url":"https:\/\/www.rajapack.no\/blog-no\/author\/ingunn"}]}},"_links":{"self":[{"href":"https:\/\/www.rajapack.no\/blog-no\/wp-json\/wp\/v2\/posts\/11905"}],"collection":[{"href":"https:\/\/www.rajapack.no\/blog-no\/wp-json\/wp\/v2\/posts"}],"about":[{"href":"https:\/\/www.rajapack.no\/blog-no\/wp-json\/wp\/v2\/types\/post"}],"author":[{"embeddable":true,"href":"https:\/\/www.rajapack.no\/blog-no\/wp-json\/wp\/v2\/users\/69"}],"replies":[{"embeddable":true,"href":"https:\/\/www.rajapack.no\/blog-no\/wp-json\/wp\/v2\/comments?post=11905"}],"version-history":[{"count":0,"href":"https:\/\/www.rajapack.no\/blog-no\/wp-json\/wp\/v2\/posts\/11905\/revisions"}],"wp:featuredmedia":[{"embeddable":true,"href":"https:\/\/www.rajapack.no\/blog-no\/wp-json\/wp\/v2\/media\/11911"}],"wp:attachment":[{"href":"https:\/\/www.rajapack.no\/blog-no\/wp-json\/wp\/v2\/media?parent=11905"}],"wp:term":[{"taxonomy":"category","embeddable":true,"href":"https:\/\/www.rajapack.no\/blog-no\/wp-json\/wp\/v2\/categories?post=11905"},{"taxonomy":"post_tag","embeddable":true,"href":"https:\/\/www.rajapack.no\/blog-no\/wp-json\/wp\/v2\/tags?post=11905"}],"curies":[{"name":"wp","href":"https:\/\/api.w.org\/{rel}","templated":true}]}}