{"id":11996,"date":"2021-09-03T10:17:49","date_gmt":"2021-09-03T08:17:49","guid":{"rendered":"https:\/\/www.rajapack.no\/blog-no\/?p=11996"},"modified":"2021-09-03T10:17:51","modified_gmt":"2021-09-03T08:17:51","slug":"mot-vare-emballasjespesialister-i-dag-mina-falao-minster","status":"publish","type":"post","link":"https:\/\/www.rajapack.no\/blog-no\/mot-vare-emballasjespesialister-i-dag-mina-falao-minster","title":{"rendered":"M\u00f8t v\u00e5re emballasjespesialister! I dag: Mina Falao-Minster"},"content":{"rendered":"\n<p><em>Mina er en allsidig og aktiv dame som setter pris p\u00e5 familiens b\u00e5tferier. Hun oppsummerer sine fritidsinteresser slik; Sommer, sol og sj\u00f8.<\/em> \u00a0<\/p><div id=\"ez-toc-container\" class=\"ez-toc-v2_0_67_1 counter-hierarchy ez-toc-counter ez-toc-grey ez-toc-container-direction\">\n<div class=\"ez-toc-title-container\">\n<p class=\"ez-toc-title \" >Innhold<\/p>\n<span class=\"ez-toc-title-toggle\"><a href=\"#\" class=\"ez-toc-pull-right ez-toc-btn ez-toc-btn-xs ez-toc-btn-default ez-toc-toggle\" aria-label=\"Toggle Table of Content\"><span class=\"ez-toc-js-icon-con\"><span class=\"\"><span class=\"eztoc-hide\" style=\"display:none;\">Toggle<\/span><span class=\"ez-toc-icon-toggle-span\"><svg style=\"fill: #999;color:#999\" xmlns=\"http:\/\/www.w3.org\/2000\/svg\" class=\"list-377408\" width=\"20px\" height=\"20px\" viewBox=\"0 0 24 24\" fill=\"none\"><path d=\"M6 6H4v2h2V6zm14 0H8v2h12V6zM4 11h2v2H4v-2zm16 0H8v2h12v-2zM4 16h2v2H4v-2zm16 0H8v2h12v-2z\" fill=\"currentColor\"><\/path><\/svg><svg style=\"fill: #999;color:#999\" class=\"arrow-unsorted-368013\" xmlns=\"http:\/\/www.w3.org\/2000\/svg\" width=\"10px\" height=\"10px\" viewBox=\"0 0 24 24\" version=\"1.2\" baseProfile=\"tiny\"><path d=\"M18.2 9.3l-6.2-6.3-6.2 6.3c-.2.2-.3.4-.3.7s.1.5.3.7c.2.2.4.3.7.3h11c.3 0 .5-.1.7-.3.2-.2.3-.5.3-.7s-.1-.5-.3-.7zM5.8 14.7l6.2 6.3 6.2-6.3c.2-.2.3-.5.3-.7s-.1-.5-.3-.7c-.2-.2-.4-.3-.7-.3h-11c-.3 0-.5.1-.7.3-.2.2-.3.5-.3.7s.1.5.3.7z\"\/><\/svg><\/span><\/span><\/span><\/a><\/span><\/div>\n<nav><ul class='ez-toc-list ez-toc-list-level-1 ' ><li class='ez-toc-page-1 ez-toc-heading-level-2'><a class=\"ez-toc-link ez-toc-heading-1\" href=\"https:\/\/www.rajapack.no\/blog-no\/mot-vare-emballasjespesialister-i-dag-mina-falao-minster\/#I_dag_Mina_Falao-Minster\" title=\"I dag: Mina Falao-Minster\">I dag: Mina Falao-Minster<\/a><\/li><li class='ez-toc-page-1 ez-toc-heading-level-2'><a class=\"ez-toc-link ez-toc-heading-2\" href=\"https:\/\/www.rajapack.no\/blog-no\/mot-vare-emballasjespesialister-i-dag-mina-falao-minster\/#Gode_emballasjerad_fra_Mina\" title=\"Gode emballasjer\u00e5d fra Mina\">Gode emballasjer\u00e5d fra Mina<\/a><\/li><li class='ez-toc-page-1 ez-toc-heading-level-2'><a class=\"ez-toc-link ez-toc-heading-3\" href=\"https:\/\/www.rajapack.no\/blog-no\/mot-vare-emballasjespesialister-i-dag-mina-falao-minster\/#Kortreist_emballasje_reduserer_miljobelastningen\" title=\"Kortreist emballasje reduserer milj\u00f8belastningen&nbsp;&nbsp;\">Kortreist emballasje reduserer milj\u00f8belastningen&nbsp;&nbsp;<\/a><\/li><\/ul><\/nav><\/div>\n\n\n\n\n<p>Vi i RAJA vil gjerne la deg bli litt bedre kjent med noen av v\u00e5re medarbeidere. Derfor lager vi en serie med artikler hvor vi presenterer noen av personene du som kunde vil m\u00f8te n\u00e5r du kontakter oss. I tillegg til \u00e5 fortelle litt om seg selv, deler de noen gode r\u00e5d innen et omr\u00e5de av emballasjefaget som de er spesielt opptatt av.<\/p>\n\n\n\n<h2 class=\"wp-block-heading\"><span class=\"ez-toc-section\" id=\"I_dag_Mina_Falao-Minster\"><\/span><strong>I dag: Mina Falao-Minster<\/strong><span class=\"ez-toc-section-end\"><\/span><\/h2>\n\n\n\n<p>Mina har lang erfaring innen emballasjefaget og er en av v\u00e5re fremste produkteksperter. Hun har jobbet i RAJA siden 2014, og blant alle oss p\u00e5 RAJA-teamet er det kanskje Mina som har aller mest kompetanse om v\u00e5rt produktsortiment. Spesielt esker, kjerneproduktet v\u00e5rt, kan hun mye om, og hun stiller gjerne med noen gode r\u00e5d. F\u00f8rst og fremst er Mina opptatt av at kundene m\u00e5 velge riktig eske ut fra sine behov. Det er ikke n\u00f8dvendig \u00e5 kj\u00f8pe flere esketyper enn du har behov for, men det l\u00f8nner seg ofte \u00e5 velge 3-4 esketyper i stedet for kun 1 eller 2. Da vil det bli lettere \u00e5 finne riktig eske til hvert produkt, og du reduserer behovet for fyllmateriale. \u00a0<\/p>\n\n\n\n<h2 class=\"wp-block-heading\"><span class=\"ez-toc-section\" id=\"Gode_emballasjerad_fra_Mina\"><\/span><strong>Gode emballasjer\u00e5d fra Mina<\/strong><span class=\"ez-toc-section-end\"><\/span><\/h2>\n\n\n\n<p>Mina vil gjerne dele noen gode r\u00e5d om valg av esker: <\/p>\n\n\n\n<ul class=\"wp-block-list\"><li>Ha noen ulike st\u00f8rrelser p\u00e5 lager! En del kunder \u00f8nsker ikke \u00e5 ha mange ulike esker i sortimentet og kj\u00f8per derfor kun 1-2 esketyper. Da velger de gjerne st\u00f8rre esker for \u00e5 sikre at de er store nok, men de kunne klart seg med mindre esker p\u00e5 mange av varene sine. Mina minner om at du b\u00f8r utnytte st\u00f8rrelsen p\u00e5 esken for \u00e5 minimere behov for pakkefyll.<\/li><li>Velg sterk nok eske. Her er det stor forskjell p\u00e5 enkel og dobbel b\u00f8lgepapp. Hva du har behov for kommer an p\u00e5 vekten p\u00e5 varene dine, samt hvor skj\u00f8re de er. Jo lettere det du sender er, jo tynnere eske er det som regel behov for. Har du store og tunge varer er store pappesker av dobbel b\u00f8lgepapp velegnet. <\/li><li>Tenk ogs\u00e5 p\u00e5 eskenes kvalitet. En eske kan se lik ut som en annen, men den har ikke n\u00f8dvendigvis samme kvalitet. Det oppdager du ikke f\u00f8r du begynner \u00e5 bruke esken. <a href=\"https:\/\/www.rajapack.no\/esker-pappesker-og-trekasser_C10.html\" target=\"_blank\" rel=\"noreferrer noopener\">RAJAs esker<\/a> er n\u00f8ye utvalgt for \u00e5 v\u00e6re mest mulig motstandsdyktig mot trykk, slag og vekt. Esken t\u00e5ler mer og kan brukes flere ganger.<\/li><li>Det l\u00f8nner seg \u00e5 sette seg inn i minstem\u00e5l i fraktavtalen med transport\u00f8ren. Her kan det v\u00e6re mye \u00e5 spare! Og hylser eller annen emballasje som medf\u00f8rer behov for manuell h\u00e5ndtering inneb\u00e6rer ogs\u00e5 gebyr.<\/li><li>Velg smarte esker! Det finnes mange esker med ulike l\u00f8sninger som sparer tid. Eksempler er <a href=\"https:\/\/www.rajapack.no\/esker-pappesker-og-kasser\/pappesker-etter-type\/esker-med-automatbunn\/postesker-med-ekstra-limstripe-for-enkel-retur_OFF_NO_9208.html\" target=\"_blank\" rel=\"noreferrer noopener\">esker med dobbel limstripe<\/a>, som gir enkel retur for mottakeren. <a href=\"https:\/\/www.rajapack.no\/appesker-etter-type\/esker-med-automatbunn.html_C102424.html\" target=\"_blank\" rel=\"noreferrer noopener\">Esker med automatbunn <\/a>er et annet eksempel. Sm\u00e5 og mellomstore bedrifter kan ha mye \u00e5 hente p\u00e5 \u00e5 velge <a href=\"https:\/\/www.rajapack.no\/esker-pappesker-og-trekasser\/pappesker-etter-type\/esker-med-variabel-hoyde_C102410.html\" target=\"_blank\" rel=\"noreferrer noopener\">postesker med variabel h\u00f8yde og automatbunn<\/a>. Disse g\u00e5r mye raskere \u00e5 pakke, og eskene er tilpasset postkasser slik at kundene dine i mange tilfeller f\u00e5r pakken i postkassa i stedet for \u00e5 m\u00e5tte hente dem p\u00e5 et utleveringssted.<\/li><li>Ha milj\u00f8et i tankene ved valg av esker. Det er positivt for milj\u00f8et \u00e5 velge resirkulerte esker, men det l\u00f8nner seg ikke alltid \u00e5 velge esker av 100% resirkulert materiale. Dette kan gj\u00f8re at fibrene blir for korte og det kan bli vanskelig \u00e5 f\u00e5 pakketape til \u00e5 feste seg. Videre minner Mina om at en viktig del av \u00e5 ta milj\u00f8hensyn er hvordan du h\u00e5ndterer brukte esker.<\/li><\/ul>\n\n\n\n<h2 class=\"wp-block-heading\"><span class=\"ez-toc-section\" id=\"Kortreist_emballasje_reduserer_miljobelastningen\"><\/span><strong>Kortreist emballasje reduserer milj\u00f8belastningen&nbsp;&nbsp;<\/strong><span class=\"ez-toc-section-end\"><\/span><\/h2>\n\n\n\n<p>Eskenes opprinnelse har ogs\u00e5 stor betydning, da transport er&nbsp;av stor betydning&nbsp;n\u00e5r det gjelder utslipp og energiforbruk.&nbsp;<a href=\"https:\/\/ec.europa.eu\/clima\/policies\/transport_en\" target=\"_blank\" rel=\"noreferrer noopener\">Transport st\u00e5r for en fjerdedel av Europas&nbsp;samlede&nbsp;CO2-utslipp<\/a>, og m\u00e5 reduseres med minst 60% innen midten av \u00e5rhundret for \u00e5 m\u00f8te EUs klimam\u00e5l.&nbsp;Kortreist emballasje kan&nbsp;spare milj\u00f8et for utslipp av&nbsp;drivhusgasser.&nbsp;&nbsp;&nbsp;<\/p>\n\n\n\n<p>Ved \u00e5 velge en europeisk leverand\u00f8r av emballasje og etiketter&nbsp;reduseres utslippene av&nbsp;CO2&nbsp;i forbindelse med transport.&nbsp;I tillegg bidrar du til \u00e5 opprettholde europeiske arbeidsplasser.&nbsp;86% av RAJAs produkter er produsert i Europa, og v\u00e5re team h\u00e5ndplukker n\u00f8ye produkter av god kvalitet for \u00e5 sikre det beste for kundene. RAJA kan skilte med bransjens bredeste utvalg av esker, og vi har spesielt fokus p\u00e5 esker som er tilpasset netthandel. &nbsp;&nbsp;&nbsp;<\/p>\n\n\n\n<p>Vil du vite mer om eskene fra RAJA og l\u00e6re om hva som passer til ditt emballasjebehov?<\/p>\n\n\n\n<p>Ta kontakt med Mina eller en av hennes kollegaer p\u00e5 22 51 40 00, eller send e-post til <a href=\"mailto:post@rajapack.no\" target=\"_blank\" rel=\"noreferrer noopener\">post@rajapack.no<\/a>. <\/p>\n","protected":false},"excerpt":{"rendered":"<p>Bli litt kjent med en av v\u00e5re emballasjespesialister, og f\u00e5 noen gode r\u00e5d om riktig bruk av esker. <\/p>\n","protected":false},"author":69,"featured_media":11999,"comment_status":"open","ping_status":"open","sticky":false,"template":"","format":"standard","meta":{"_acf_changed":false,"footnotes":""},"categories":[120,7],"tags":[26],"class_list":["post-11996","post","type-post","status-publish","format-standard","has-post-thumbnail","hentry","category-jobb-i-raja","category-rad-og-tips","tag-emballasje"],"acf":[],"yoast_head":"\n<title>M\u00f8t v\u00e5re emballasjespesialister! I dag: Mina Falao-Minster - RAJA Norge<\/title>\n<meta name=\"description\" content=\"Vi i RAJA vil gjerne la deg bli litt bedre kjent med noen av v\u00e5re medarbeidere. Idag m\u00f8ter du Mina, som deler noen gode r\u00e5d om emballasje.\" \/>\n<meta name=\"robots\" content=\"index, follow, max-snippet:-1, max-image-preview:large, max-video-preview:-1\" \/>\n<link rel=\"canonical\" href=\"https:\/\/www.rajapack.no\/blog-no\/mot-vare-emballasjespesialister-i-dag-mina-falao-minster\" \/>\n<meta property=\"og:locale\" content=\"nb_NO\" \/>\n<meta property=\"og:type\" content=\"article\" \/>\n<meta property=\"og:title\" content=\"M\u00f8t v\u00e5re emballasjespesialister! I dag: Mina Falao-Minster - RAJA Norge\" \/>\n<meta property=\"og:description\" content=\"Vi i RAJA vil gjerne la deg bli litt bedre kjent med noen av v\u00e5re medarbeidere. Idag m\u00f8ter du Mina, som deler noen gode r\u00e5d om emballasje.\" \/>\n<meta property=\"og:url\" content=\"https:\/\/www.rajapack.no\/blog-no\/mot-vare-emballasjespesialister-i-dag-mina-falao-minster\" \/>\n<meta property=\"og:site_name\" content=\"SMART OG B\u00c6REKRAFTIG EMBALLASJE | Rajapack NORGE\" \/>\n<meta property=\"article:publisher\" content=\"https:\/\/www.facebook.com\/rajanorge\/\" \/>\n<meta property=\"article:published_time\" content=\"2021-09-03T08:17:49+00:00\" \/>\n<meta property=\"article:modified_time\" content=\"2021-09-03T08:17:51+00:00\" \/>\n<meta property=\"og:image\" content=\"https:\/\/www.rajapack.no\/blog-no\/wp-content\/uploads\/2021\/09\/Mina.png\" \/>\n\t<meta property=\"og:image:width\" content=\"310\" \/>\n\t<meta property=\"og:image:height\" content=\"256\" \/>\n\t<meta property=\"og:image:type\" content=\"image\/png\" \/>\n<meta name=\"author\" content=\"Ingunn KRISTIANSEN\" \/>\n<meta name=\"twitter:card\" content=\"summary_large_image\" \/>\n<meta name=\"twitter:label1\" content=\"Skrevet av\" \/>\n\t<meta name=\"twitter:data1\" content=\"Ingunn KRISTIANSEN\" \/>\n\t<meta name=\"twitter:label2\" content=\"Ansl. lesetid\" \/>\n\t<meta name=\"twitter:data2\" content=\"4 minutter\" \/>\n<script type=\"application\/ld+json\" class=\"yoast-schema-graph\">{\n\t    \"@context\": \"https:\/\/schema.org\",\n\t    \"@graph\": [\n\t        {\n\t            \"@type\": \"Article\",\n\t            \"@id\": \"https:\/\/www.rajapack.no\/blog-no\/mot-vare-emballasjespesialister-i-dag-mina-falao-minster#article\",\n\t            \"isPartOf\": {\n\t                \"@id\": \"https:\/\/www.rajapack.no\/blog-no\/mot-vare-emballasjespesialister-i-dag-mina-falao-minster\"\n\t            },\n\t            \"author\": {\n\t                \"name\": \"Ingunn KRISTIANSEN\",\n\t                \"@id\": \"https:\/\/www.rajapack.no\/blog-no\/#\/schema\/person\/309feab02f6c5726f78b2ad5a56f9d62\"\n\t            },\n\t            \"headline\": \"M\u00f8t v\u00e5re emballasjespesialister! I dag: Mina Falao-Minster\",\n\t            \"datePublished\": \"2021-09-03T08:17:49+00:00\",\n\t            \"dateModified\": \"2021-09-03T08:17:51+00:00\",\n\t            \"mainEntityOfPage\": {\n\t                \"@id\": \"https:\/\/www.rajapack.no\/blog-no\/mot-vare-emballasjespesialister-i-dag-mina-falao-minster\"\n\t            },\n\t            \"wordCount\": 806,\n\t            \"commentCount\": 0,\n\t            \"publisher\": {\n\t                \"@id\": \"https:\/\/www.rajapack.no\/blog-no\/#organization\"\n\t            },\n\t            \"image\": {\n\t                \"@id\": \"https:\/\/www.rajapack.no\/blog-no\/mot-vare-emballasjespesialister-i-dag-mina-falao-minster#primaryimage\"\n\t            },\n\t            \"thumbnailUrl\": \"https:\/\/www.rajapack.no\/blog-no\/wp-content\/uploads\/2021\/09\/Mina.png\",\n\t            \"keywords\": [\n\t                \"emballasje\"\n\t            ],\n\t            \"articleSection\": [\n\t                \"Jobb i RAJAPACK\",\n\t                \"R\u00e5d og tips\"\n\t            ],\n\t            \"inLanguage\": \"nb-NO\",\n\t            \"potentialAction\": [\n\t                {\n\t                    \"@type\": \"CommentAction\",\n\t                    \"name\": \"Comment\",\n\t                    \"target\": [\n\t                        \"https:\/\/www.rajapack.no\/blog-no\/mot-vare-emballasjespesialister-i-dag-mina-falao-minster#respond\"\n\t                    ]\n\t                }\n\t            ]\n\t        },\n\t        {\n\t            \"@type\": \"WebPage\",\n\t            \"@id\": \"https:\/\/www.rajapack.no\/blog-no\/mot-vare-emballasjespesialister-i-dag-mina-falao-minster\",\n\t            \"url\": \"https:\/\/www.rajapack.no\/blog-no\/mot-vare-emballasjespesialister-i-dag-mina-falao-minster\",\n\t            \"name\": \"M\u00f8t v\u00e5re emballasjespesialister! I dag: Mina Falao-Minster - RAJA Norge\",\n\t            \"isPartOf\": {\n\t                \"@id\": \"https:\/\/www.rajapack.no\/blog-no\/#website\"\n\t            },\n\t            \"primaryImageOfPage\": {\n\t                \"@id\": \"https:\/\/www.rajapack.no\/blog-no\/mot-vare-emballasjespesialister-i-dag-mina-falao-minster#primaryimage\"\n\t            },\n\t            \"image\": {\n\t                \"@id\": \"https:\/\/www.rajapack.no\/blog-no\/mot-vare-emballasjespesialister-i-dag-mina-falao-minster#primaryimage\"\n\t            },\n\t            \"thumbnailUrl\": \"https:\/\/www.rajapack.no\/blog-no\/wp-content\/uploads\/2021\/09\/Mina.png\",\n\t            \"datePublished\": \"2021-09-03T08:17:49+00:00\",\n\t            \"dateModified\": \"2021-09-03T08:17:51+00:00\",\n\t            \"description\": \"Vi i RAJA vil gjerne la deg bli litt bedre kjent med noen av v\u00e5re medarbeidere. Idag m\u00f8ter du Mina, som deler noen gode r\u00e5d om emballasje.\",\n\t            \"inLanguage\": \"nb-NO\",\n\t            \"potentialAction\": [\n\t                {\n\t                    \"@type\": \"ReadAction\",\n\t                    \"target\": [\n\t                        \"https:\/\/www.rajapack.no\/blog-no\/mot-vare-emballasjespesialister-i-dag-mina-falao-minster\"\n\t                    ]\n\t                }\n\t            ]\n\t        },\n\t        {\n\t            \"@type\": \"ImageObject\",\n\t            \"inLanguage\": \"nb-NO\",\n\t            \"@id\": \"https:\/\/www.rajapack.no\/blog-no\/mot-vare-emballasjespesialister-i-dag-mina-falao-minster#primaryimage\",\n\t            \"url\": \"https:\/\/www.rajapack.no\/blog-no\/wp-content\/uploads\/2021\/09\/Mina.png\",\n\t            \"contentUrl\": \"https:\/\/www.rajapack.no\/blog-no\/wp-content\/uploads\/2021\/09\/Mina.png\",\n\t            \"width\": 310,\n\t            \"height\": 256\n\t        },\n\t        {\n\t            \"@type\": \"WebSite\",\n\t            \"@id\": \"https:\/\/www.rajapack.no\/blog-no\/#website\",\n\t            \"url\": \"https:\/\/www.rajapack.no\/blog-no\/\",\n\t            \"name\": \"SMART OG B\u00c6REKRAFTIG EMBALLASJE | Rajapack NORGE\",\n\t            \"description\": \"R\u00c5D OM SMART OG B\u00c6REKRAFTIG EMBALLASJE\",\n\t            \"publisher\": {\n\t                \"@id\": \"https:\/\/www.rajapack.no\/blog-no\/#organization\"\n\t            },\n\t            \"potentialAction\": [\n\t                {\n\t                    \"@type\": \"SearchAction\",\n\t                    \"target\": {\n\t                        \"@type\": \"EntryPoint\",\n\t                        \"urlTemplate\": \"https:\/\/www.rajapack.no\/blog-no\/?s={search_term_string}\"\n\t                    },\n\t                    \"query-input\": \"required name=search_term_string\"\n\t                }\n\t            ],\n\t            \"inLanguage\": \"nb-NO\"\n\t        },\n\t        {\n\t            \"@type\": \"Organization\",\n\t            \"@id\": \"https:\/\/www.rajapack.no\/blog-no\/#organization\",\n\t            \"name\": \"SMART OG B\u00c6REKRAFTIG EMBALLASJE | Rajapack NORGE\",\n\t            \"url\": \"https:\/\/www.rajapack.no\/blog-no\/\",\n\t            \"logo\": {\n\t                \"@type\": \"ImageObject\",\n\t                \"inLanguage\": \"nb-NO\",\n\t                \"@id\": \"https:\/\/www.rajapack.no\/blog-no\/#\/schema\/logo\/image\/\",\n\t                \"url\": \"https:\/\/www.rajapack.no\/blog-no\/wp-content\/uploads\/2019\/08\/NO-blog-logo-0919-1.png\",\n\t                \"contentUrl\": \"https:\/\/www.rajapack.no\/blog-no\/wp-content\/uploads\/2019\/08\/NO-blog-logo-0919-1.png\",\n\t                \"width\": 572,\n\t                \"height\": 119,\n\t                \"caption\": \"SMART OG B\u00c6REKRAFTIG EMBALLASJE | Rajapack NORGE\"\n\t            },\n\t            \"image\": {\n\t                \"@id\": \"https:\/\/www.rajapack.no\/blog-no\/#\/schema\/logo\/image\/\"\n\t            },\n\t            \"sameAs\": [\n\t                \"https:\/\/www.facebook.com\/rajanorge\/\",\n\t                \"https:\/\/www.instagram.com\/rajanorge\/\",\n\t                \"https:\/\/www.linkedin.com\/company\/rajanorge\/\",\n\t                \"https:\/\/www.youtube.com\/user\/rajapacknorge\"\n\t            ]\n\t        },\n\t        {\n\t            \"@type\": \"Person\",\n\t            \"@id\": \"https:\/\/www.rajapack.no\/blog-no\/#\/schema\/person\/309feab02f6c5726f78b2ad5a56f9d62\",\n\t            \"name\": \"Ingunn KRISTIANSEN\",\n\t            \"image\": {\n\t                \"@type\": \"ImageObject\",\n\t                \"inLanguage\": \"nb-NO\",\n\t                \"@id\": \"https:\/\/www.rajapack.no\/blog-no\/#\/schema\/person\/image\/\",\n\t                \"url\": \"https:\/\/secure.gravatar.com\/avatar\/2f4788eda2fa197caba5482d7250e8a7?s=96&d=mm&r=g\",\n\t                \"contentUrl\": \"https:\/\/secure.gravatar.com\/avatar\/2f4788eda2fa197caba5482d7250e8a7?s=96&d=mm&r=g\",\n\t                \"caption\": \"Ingunn KRISTIANSEN\"\n\t            },\n\t            \"sameAs\": [\n\t                \"https:\/\/www.rajapack.no\"\n\t            ],\n\t            \"url\": \"https:\/\/www.rajapack.no\/blog-no\/author\/ingunn\"\n\t        }\n\t    ]\n\t}<\/script>\n","yoast_head_json":{"title":"M\u00f8t v\u00e5re emballasjespesialister! I dag: Mina Falao-Minster - RAJA Norge","description":"Vi i RAJA vil gjerne la deg bli litt bedre kjent med noen av v\u00e5re medarbeidere. Idag m\u00f8ter du Mina, som deler noen gode r\u00e5d om emballasje.","robots":{"index":"index","follow":"follow","max-snippet":"max-snippet:-1","max-image-preview":"max-image-preview:large","max-video-preview":"max-video-preview:-1"},"canonical":"https:\/\/www.rajapack.no\/blog-no\/mot-vare-emballasjespesialister-i-dag-mina-falao-minster","og_locale":"nb_NO","og_type":"article","og_title":"M\u00f8t v\u00e5re emballasjespesialister! I dag: Mina Falao-Minster - RAJA Norge","og_description":"Vi i RAJA vil gjerne la deg bli litt bedre kjent med noen av v\u00e5re medarbeidere. Idag m\u00f8ter du Mina, som deler noen gode r\u00e5d om emballasje.","og_url":"https:\/\/www.rajapack.no\/blog-no\/mot-vare-emballasjespesialister-i-dag-mina-falao-minster","og_site_name":"SMART OG B\u00c6REKRAFTIG EMBALLASJE | Rajapack NORGE","article_publisher":"https:\/\/www.facebook.com\/rajanorge\/","article_published_time":"2021-09-03T08:17:49+00:00","article_modified_time":"2021-09-03T08:17:51+00:00","og_image":[{"width":310,"height":256,"url":"https:\/\/www.rajapack.no\/blog-no\/wp-content\/uploads\/2021\/09\/Mina.png","type":"image\/png"}],"author":"Ingunn KRISTIANSEN","twitter_card":"summary_large_image","twitter_misc":{"Skrevet av":"Ingunn KRISTIANSEN","Ansl. lesetid":"4 minutter"},"schema":{"@context":"https:\/\/schema.org","@graph":[{"@type":"Article","@id":"https:\/\/www.rajapack.no\/blog-no\/mot-vare-emballasjespesialister-i-dag-mina-falao-minster#article","isPartOf":{"@id":"https:\/\/www.rajapack.no\/blog-no\/mot-vare-emballasjespesialister-i-dag-mina-falao-minster"},"author":{"name":"Ingunn KRISTIANSEN","@id":"https:\/\/www.rajapack.no\/blog-no\/#\/schema\/person\/309feab02f6c5726f78b2ad5a56f9d62"},"headline":"M\u00f8t v\u00e5re emballasjespesialister! I dag: Mina Falao-Minster","datePublished":"2021-09-03T08:17:49+00:00","dateModified":"2021-09-03T08:17:51+00:00","mainEntityOfPage":{"@id":"https:\/\/www.rajapack.no\/blog-no\/mot-vare-emballasjespesialister-i-dag-mina-falao-minster"},"wordCount":806,"commentCount":0,"publisher":{"@id":"https:\/\/www.rajapack.no\/blog-no\/#organization"},"image":{"@id":"https:\/\/www.rajapack.no\/blog-no\/mot-vare-emballasjespesialister-i-dag-mina-falao-minster#primaryimage"},"thumbnailUrl":"https:\/\/www.rajapack.no\/blog-no\/wp-content\/uploads\/2021\/09\/Mina.png","keywords":["emballasje"],"articleSection":["Jobb i RAJAPACK","R\u00e5d og tips"],"inLanguage":"nb-NO","potentialAction":[{"@type":"CommentAction","name":"Comment","target":["https:\/\/www.rajapack.no\/blog-no\/mot-vare-emballasjespesialister-i-dag-mina-falao-minster#respond"]}]},{"@type":"WebPage","@id":"https:\/\/www.rajapack.no\/blog-no\/mot-vare-emballasjespesialister-i-dag-mina-falao-minster","url":"https:\/\/www.rajapack.no\/blog-no\/mot-vare-emballasjespesialister-i-dag-mina-falao-minster","name":"M\u00f8t v\u00e5re emballasjespesialister! I dag: Mina Falao-Minster - RAJA Norge","isPartOf":{"@id":"https:\/\/www.rajapack.no\/blog-no\/#website"},"primaryImageOfPage":{"@id":"https:\/\/www.rajapack.no\/blog-no\/mot-vare-emballasjespesialister-i-dag-mina-falao-minster#primaryimage"},"image":{"@id":"https:\/\/www.rajapack.no\/blog-no\/mot-vare-emballasjespesialister-i-dag-mina-falao-minster#primaryimage"},"thumbnailUrl":"https:\/\/www.rajapack.no\/blog-no\/wp-content\/uploads\/2021\/09\/Mina.png","datePublished":"2021-09-03T08:17:49+00:00","dateModified":"2021-09-03T08:17:51+00:00","description":"Vi i RAJA vil gjerne la deg bli litt bedre kjent med noen av v\u00e5re medarbeidere. Idag m\u00f8ter du Mina, som deler noen gode r\u00e5d om emballasje.","inLanguage":"nb-NO","potentialAction":[{"@type":"ReadAction","target":["https:\/\/www.rajapack.no\/blog-no\/mot-vare-emballasjespesialister-i-dag-mina-falao-minster"]}]},{"@type":"ImageObject","inLanguage":"nb-NO","@id":"https:\/\/www.rajapack.no\/blog-no\/mot-vare-emballasjespesialister-i-dag-mina-falao-minster#primaryimage","url":"https:\/\/www.rajapack.no\/blog-no\/wp-content\/uploads\/2021\/09\/Mina.png","contentUrl":"https:\/\/www.rajapack.no\/blog-no\/wp-content\/uploads\/2021\/09\/Mina.png","width":310,"height":256},{"@type":"WebSite","@id":"https:\/\/www.rajapack.no\/blog-no\/#website","url":"https:\/\/www.rajapack.no\/blog-no\/","name":"SMART OG B\u00c6REKRAFTIG EMBALLASJE | Rajapack NORGE","description":"R\u00c5D OM SMART OG B\u00c6REKRAFTIG EMBALLASJE","publisher":{"@id":"https:\/\/www.rajapack.no\/blog-no\/#organization"},"potentialAction":[{"@type":"SearchAction","target":{"@type":"EntryPoint","urlTemplate":"https:\/\/www.rajapack.no\/blog-no\/?s={search_term_string}"},"query-input":"required name=search_term_string"}],"inLanguage":"nb-NO"},{"@type":"Organization","@id":"https:\/\/www.rajapack.no\/blog-no\/#organization","name":"SMART OG B\u00c6REKRAFTIG EMBALLASJE | Rajapack NORGE","url":"https:\/\/www.rajapack.no\/blog-no\/","logo":{"@type":"ImageObject","inLanguage":"nb-NO","@id":"https:\/\/www.rajapack.no\/blog-no\/#\/schema\/logo\/image\/","url":"https:\/\/www.rajapack.no\/blog-no\/wp-content\/uploads\/2019\/08\/NO-blog-logo-0919-1.png","contentUrl":"https:\/\/www.rajapack.no\/blog-no\/wp-content\/uploads\/2019\/08\/NO-blog-logo-0919-1.png","width":572,"height":119,"caption":"SMART OG B\u00c6REKRAFTIG EMBALLASJE | Rajapack NORGE"},"image":{"@id":"https:\/\/www.rajapack.no\/blog-no\/#\/schema\/logo\/image\/"},"sameAs":["https:\/\/www.facebook.com\/rajanorge\/","https:\/\/www.instagram.com\/rajanorge\/","https:\/\/www.linkedin.com\/company\/rajanorge\/","https:\/\/www.youtube.com\/user\/rajapacknorge"]},{"@type":"Person","@id":"https:\/\/www.rajapack.no\/blog-no\/#\/schema\/person\/309feab02f6c5726f78b2ad5a56f9d62","name":"Ingunn KRISTIANSEN","image":{"@type":"ImageObject","inLanguage":"nb-NO","@id":"https:\/\/www.rajapack.no\/blog-no\/#\/schema\/person\/image\/","url":"https:\/\/secure.gravatar.com\/avatar\/2f4788eda2fa197caba5482d7250e8a7?s=96&d=mm&r=g","contentUrl":"https:\/\/secure.gravatar.com\/avatar\/2f4788eda2fa197caba5482d7250e8a7?s=96&d=mm&r=g","caption":"Ingunn KRISTIANSEN"},"sameAs":["https:\/\/www.rajapack.no"],"url":"https:\/\/www.rajapack.no\/blog-no\/author\/ingunn"}]}},"_links":{"self":[{"href":"https:\/\/www.rajapack.no\/blog-no\/wp-json\/wp\/v2\/posts\/11996"}],"collection":[{"href":"https:\/\/www.rajapack.no\/blog-no\/wp-json\/wp\/v2\/posts"}],"about":[{"href":"https:\/\/www.rajapack.no\/blog-no\/wp-json\/wp\/v2\/types\/post"}],"author":[{"embeddable":true,"href":"https:\/\/www.rajapack.no\/blog-no\/wp-json\/wp\/v2\/users\/69"}],"replies":[{"embeddable":true,"href":"https:\/\/www.rajapack.no\/blog-no\/wp-json\/wp\/v2\/comments?post=11996"}],"version-history":[{"count":0,"href":"https:\/\/www.rajapack.no\/blog-no\/wp-json\/wp\/v2\/posts\/11996\/revisions"}],"wp:featuredmedia":[{"embeddable":true,"href":"https:\/\/www.rajapack.no\/blog-no\/wp-json\/wp\/v2\/media\/11999"}],"wp:attachment":[{"href":"https:\/\/www.rajapack.no\/blog-no\/wp-json\/wp\/v2\/media?parent=11996"}],"wp:term":[{"taxonomy":"category","embeddable":true,"href":"https:\/\/www.rajapack.no\/blog-no\/wp-json\/wp\/v2\/categories?post=11996"},{"taxonomy":"post_tag","embeddable":true,"href":"https:\/\/www.rajapack.no\/blog-no\/wp-json\/wp\/v2\/tags?post=11996"}],"curies":[{"name":"wp","href":"https:\/\/api.w.org\/{rel}","templated":true}]}}