{"id":13212,"date":"2023-11-15T16:47:00","date_gmt":"2023-11-15T15:47:00","guid":{"rendered":"https:\/\/www.rajapack.no\/blog-no\/?p=13212"},"modified":"2024-08-30T17:44:48","modified_gmt":"2024-08-30T15:44:48","slug":"gjor-nettbutikken-din-klar-til-black-friday","status":"publish","type":"post","link":"https:\/\/www.rajapack.no\/blog-no\/gjor-nettbutikken-din-klar-til-black-friday","title":{"rendered":"Gj\u00f8r nettbutikken din klar til Black Friday og h\u00f8ysesong!"},"content":{"rendered":"<p>Black Friday, som finner sted den siste fredagen i november, har blitt sv\u00e6rt godt innarbeidet blant norske nettbutikker og annen detaljhandel. Black Friday har g\u00e5tt mer og mer over til Black Week, og er for mange den uken hvor julehandelen starter.<\/p><div id=\"ez-toc-container\" class=\"ez-toc-v2_0_67_1 counter-hierarchy ez-toc-counter ez-toc-grey ez-toc-container-direction\">\n<div class=\"ez-toc-title-container\">\n<p class=\"ez-toc-title \" >Innhold<\/p>\n<span class=\"ez-toc-title-toggle\"><a href=\"#\" class=\"ez-toc-pull-right ez-toc-btn ez-toc-btn-xs ez-toc-btn-default ez-toc-toggle\" aria-label=\"Toggle Table of Content\"><span class=\"ez-toc-js-icon-con\"><span class=\"\"><span class=\"eztoc-hide\" style=\"display:none;\">Toggle<\/span><span class=\"ez-toc-icon-toggle-span\"><svg style=\"fill: #999;color:#999\" xmlns=\"http:\/\/www.w3.org\/2000\/svg\" class=\"list-377408\" width=\"20px\" height=\"20px\" viewBox=\"0 0 24 24\" fill=\"none\"><path d=\"M6 6H4v2h2V6zm14 0H8v2h12V6zM4 11h2v2H4v-2zm16 0H8v2h12v-2zM4 16h2v2H4v-2zm16 0H8v2h12v-2z\" fill=\"currentColor\"><\/path><\/svg><svg style=\"fill: #999;color:#999\" class=\"arrow-unsorted-368013\" xmlns=\"http:\/\/www.w3.org\/2000\/svg\" width=\"10px\" height=\"10px\" viewBox=\"0 0 24 24\" version=\"1.2\" baseProfile=\"tiny\"><path d=\"M18.2 9.3l-6.2-6.3-6.2 6.3c-.2.2-.3.4-.3.7s.1.5.3.7c.2.2.4.3.7.3h11c.3 0 .5-.1.7-.3.2-.2.3-.5.3-.7s-.1-.5-.3-.7zM5.8 14.7l6.2 6.3 6.2-6.3c.2-.2.3-.5.3-.7s-.1-.5-.3-.7c-.2-.2-.4-.3-.7-.3h-11c-.3 0-.5.1-.7.3-.2.2-.3.5-.3.7s.1.5.3.7z\"\/><\/svg><\/span><\/span><\/span><\/a><\/span><\/div>\n<nav><ul class='ez-toc-list ez-toc-list-level-1 ' ><li class='ez-toc-page-1 ez-toc-heading-level-2'><a class=\"ez-toc-link ez-toc-heading-1\" href=\"https:\/\/www.rajapack.no\/blog-no\/gjor-nettbutikken-din-klar-til-black-friday\/#1_Forbered_lagerbeholdningen_din_for_hoysesong\" title=\"1. Forbered lagerbeholdningen din for h\u00f8ysesong\">1. Forbered lagerbeholdningen din for h\u00f8ysesong<\/a><\/li><li class='ez-toc-page-1 ez-toc-heading-level-2'><a class=\"ez-toc-link ez-toc-heading-2\" href=\"https:\/\/www.rajapack.no\/blog-no\/gjor-nettbutikken-din-klar-til-black-friday\/#2_Gjor_ordreplukkingsprosessen_raskere\" title=\"2. Gj\u00f8r ordreplukkingsprosessen raskere\">2. Gj\u00f8r ordreplukkingsprosessen raskere<\/a><\/li><li class='ez-toc-page-1 ez-toc-heading-level-2'><a class=\"ez-toc-link ez-toc-heading-3\" href=\"https:\/\/www.rajapack.no\/blog-no\/gjor-nettbutikken-din-klar-til-black-friday\/#3_Markedsfor_tilbudene_dine_pa_forhand\" title=\"3. Markedsf\u00f8r tilbudene dine p\u00e5 forh\u00e5nd\">3. Markedsf\u00f8r tilbudene dine p\u00e5 forh\u00e5nd<\/a><\/li><li class='ez-toc-page-1 ez-toc-heading-level-2'><a class=\"ez-toc-link ez-toc-heading-4\" href=\"https:\/\/www.rajapack.no\/blog-no\/gjor-nettbutikken-din-klar-til-black-friday\/#4_Gjennomga_leveringsstrategien_din_som_forberedelse_til_Black_Friday_og_hoysesong\" title=\"4. Gjennomg\u00e5 leveringsstrategien din som forberedelse til Black Friday og h\u00f8ysesong\">4. Gjennomg\u00e5 leveringsstrategien din som forberedelse til Black Friday og h\u00f8ysesong<\/a><\/li><li class='ez-toc-page-1 ez-toc-heading-level-2'><a class=\"ez-toc-link ez-toc-heading-5\" href=\"https:\/\/www.rajapack.no\/blog-no\/gjor-nettbutikken-din-klar-til-black-friday\/#5_Tenk_gjennom_din_strategi_for_returer\" title=\"5. Tenk gjennom din strategi for returer\">5. Tenk gjennom din strategi for returer<\/a><\/li><li class='ez-toc-page-1 ez-toc-heading-level-2'><a class=\"ez-toc-link ez-toc-heading-6\" href=\"https:\/\/www.rajapack.no\/blog-no\/gjor-nettbutikken-din-klar-til-black-friday\/#6_Bygg_kundelojalitet_etter_Black_Friday_og_hoysesongen_i_nettbutikken_din\" title=\"6. Bygg kundelojalitet etter Black Friday og h\u00f8ysesongen i nettbutikken din\">6. Bygg kundelojalitet etter Black Friday og h\u00f8ysesongen i nettbutikken din<\/a><\/li><li class='ez-toc-page-1 ez-toc-heading-level-2'><a class=\"ez-toc-link ez-toc-heading-7\" href=\"https:\/\/www.rajapack.no\/blog-no\/gjor-nettbutikken-din-klar-til-black-friday\/#For_a_oppsummere\" title=\"For \u00e5 oppsummere:\">For \u00e5 oppsummere:<\/a><\/li><\/ul><\/nav><\/div>\n\n<p>Det forventes at handelen vil g\u00e5 noe roligere for seg i \u00e5r enn tidligere \u00e5r. If\u00f8lge <a href=\"https:\/\/www.virke.no\/analyse\/julehandel\/#BW\">Virke<\/a> forventer nesten femti prosent av norske butikker at omsetningen under Black Week skal bli lavere enn i 2022.<\/p>\n<p>Med trangere \u00f8konomi blant mange av sluttkundene blir det ekstra viktig for deg som driver nettbutikk \u00e5 v\u00e6re godt forberedt, slik at du f\u00e5r mest mulig ut av b\u00e5de Black Friday og hele h\u00f8ysesongen. For \u00e5 hjelpe deg p\u00e5 vei, har vi satt sammen 6 logistikktips for nettbutikker foran \u00e5rets h\u00f8ysesong.<\/p>\n<p>&nbsp;<\/p>\n<h2><span class=\"ez-toc-section\" id=\"1_Forbered_lagerbeholdningen_din_for_hoysesong\"><\/span><strong>1. Forbered lagerbeholdningen din for h\u00f8ysesong<\/strong><span class=\"ez-toc-section-end\"><\/span><\/h2>\n<p>Denne perioden krever grundig planlegging p\u00e5 forh\u00e5nd, for \u00e5 sikre at du begrenser b\u00e5de overskuddslager og mangel p\u00e5 viktige varer, og ogs\u00e5 for \u00e5 sikre at plukkingen p\u00e5 lageret ditt g\u00e5r problemfritt.<\/p>\n<p>For \u00e5 gj\u00f8re dette b\u00f8r du s\u00f8rge for at lageret ditt er riktig merket. Sett p\u00e5 plass tydelig skilting som indikerer hvor ordreplukkere kan finne bestemte varer i ditt lageromr\u00e5de. Fest etiketter p\u00e5 hyller og stativer for \u00e5 hjelpe dem \u00e5 finne veien rundt.<\/p>\n<p>&nbsp;<\/p>\n<h2><span class=\"ez-toc-section\" id=\"2_Gjor_ordreplukkingsprosessen_raskere\"><\/span><strong>2. Gj\u00f8r ordreplukkingsprosessen raskere<\/strong><span class=\"ez-toc-section-end\"><\/span><\/h2>\n<p>N\u00e5r antall ordre \u00f8ker, kommer behovet for \u00e5 \u00f8ke hastigheten p\u00e5 klargj\u00f8ringen av pakker p\u00e5 lageret. Da b\u00f8r du utstyre medarbeiderne slik at de kan pakke ordrene raskere. Et par tips:<\/p>\n<ul>\n<li>Skaff riktig utstyr. <a href=\"https:\/\/www.rajapack.no\/oppbevaring-og-lagerutstyr\/traller_C3414.html\">Traller<\/a> er praktiske for \u00e5 sikre at medarbeiderne kan bevege seg raskt og effektivt rundt p\u00e5 lageret. Det finnes ulike typer traller for ulike behov. <a href=\"https:\/\/www.rajapack.no\/oppbevaring-og-lagerutstyr\/traller\/jekketraller-sekketraller-og-skyvetraller\/loftevogn_OFF_NO_09295.html\">L\u00f8ftevogner<\/a> er et ergonomisk valg, siden disse kan transportere og l\u00f8fte last opp i optimal arbeidsh\u00f8yde. <a href=\"https:\/\/www.rajapack.no\/oppbevaring-og-lagerutstyr\/traller\/jekketraller-sekketraller-og-skyvetraller\/hyllevogn_OFF_NO_09297.html\">Hyllevogner<\/a> er ogs\u00e5 praktiske, siden disse har plass til mange sm\u00e5 produkter og dermed kan flere mindre ordre plukkes samtidig.<\/li>\n<li>Velg smart, tidsbesparende emballasje. <a href=\"https:\/\/www.rajapack.no\/esker-pappesker-og-kasser\/dokumentesker\/a5-a6-og-a7-format\/a5-og-a6-esker-easybox-selvklebende-postesker-med-automatbunn_OFF_NO_0839.html\">Esker med automatbunn<\/a> er et eksempel p\u00e5 esker som sparer tid slik at medarbeiderne kan pakke raskere. Du kan ogs\u00e5 vurdere emballasje med innebygd demping, for \u00e5 begrense tiden brukt p\u00e5 \u00e5 inkludere pakkefyll og beskyttelse i esken eller posen.<\/li>\n<\/ul>\n<p>&nbsp;<\/p>\n<figure id=\"attachment_13217\" aria-describedby=\"caption-attachment-13217\" style=\"width: 300px\" class=\"wp-caption aligncenter\"><img loading=\"lazy\" decoding=\"async\" class=\"wp-image-13217 size-medium\" src=\"https:\/\/www.rajapack.no\/blog-no\/wp-content\/uploads\/2023\/11\/vattert-papirkonvolutt-300x263.png\" alt=\"\" width=\"300\" height=\"263\" \/><figcaption id=\"caption-attachment-13217\" class=\"wp-caption-text\"><em>Polstrede papirkonvolutter er ferdig dempet og kommer i flere ulike st\u00f8rrelser.<\/em><\/figcaption><\/figure>\n<p>&nbsp;<\/p>\n<ul>\n<li>Du kan automatisere pakkeprosessen ved hjelp av papir- eller luftputemaskiner, som sparer dyrebare minutter p\u00e5 hver pakke. Stroppemaskiner kan lukke pakker raskt og sikkert.<\/li>\n<\/ul>\n<p>&nbsp;<\/p>\n<h2><span class=\"ez-toc-section\" id=\"3_Markedsfor_tilbudene_dine_pa_forhand\"><\/span><strong>3. Markedsf\u00f8r tilbudene dine p\u00e5 forh\u00e5nd<\/strong><span class=\"ez-toc-section-end\"><\/span><\/h2>\n<p>Planlegger du store rabatter og gode kj\u00f8p for kundene dine under Black Friday \/ Black week eller utover i h\u00f8ysesongen? Kundene trenger \u00e5 vite om det slik at flest mulig sl\u00e5r til for \u00e5 gj\u00f8re et godt kj\u00f8p. Her m\u00e5 du utarbeide en passende markedsplan, som tar hensyn til hvordan du best treffer dine m\u00e5lgrupper.<\/p>\n<p>En viktig del av forberedelsene er \u00e5 optimalisere nettbutikken din for Black Friday og h\u00f8ysesongen. S\u00f8rg for at bestillingsprosessen er rask og effektiv, at betalingsl\u00f8sningene er de som kundene foretrekker, og at sidene dine lastes raskt.<\/p>\n<p>Invester ogs\u00e5 i nettannonsering og bruk sosiale medier for \u00e5 promotere tilbudene. Du kan ogs\u00e5 kommunisere med eksisterende kunder via e-post, eller lage VIP-kundelister for &laquo;flash-salg&raquo; der abonnenter gis prioritert tilgang til Black Friday-tilbudene dine.<\/p>\n<p>For \u00e5 lykkes i sosiale medier er det smart om du skiller deg ut fra mengden. Nedtellinger, &laquo;gaveguider&raquo; for \u00e5 hjelpe m\u00e5lgruppene dine med \u00e5 forberede seg til julehandelen, og konkurranser for \u00e5 tiltrekke flere kunder er eksempler p\u00e5 gode m\u00e5ter du kan gj\u00f8re dette p\u00e5.<\/p>\n<p>Du kan ogs\u00e5 vise viktige produkter i butikken din i en virkelig kontekst, for \u00e5 gj\u00f8re dem mer fristende. <a href=\"https:\/\/filmora.wondershare.com\/youtube\/unboxing-video.html\" target=\"_blank\" rel=\"noopener\">Unboxing-videoer<\/a> av produktene dine (dvs. videoer som viser at de pakkes ut i attraktiv emballasje) vil hjelpe kundene til \u00e5 tenke p\u00e5 kj\u00f8pene sine.<\/p>\n<p>&nbsp;<\/p>\n<h2><span class=\"ez-toc-section\" id=\"4_Gjennomga_leveringsstrategien_din_som_forberedelse_til_Black_Friday_og_hoysesong\"><\/span><strong>4. Gjennomg\u00e5 leveringsstrategien din som forberedelse til Black Friday og h\u00f8ysesong<\/strong><span class=\"ez-toc-section-end\"><\/span><\/h2>\n<p>Rask og effektiv levering har blitt et reelt salgsfortrinn, og kundene legger stor vekt p\u00e5 at netthandel skal v\u00e6re enkelt og effektivt. S\u00e5 \u00e5 forberede seg til Black Friday og h\u00f8ysesongen betyr ogs\u00e5 \u00e5 gjennomg\u00e5 leveringsprosess og betingelser.<\/p>\n<p>Tenk p\u00e5:<\/p>\n<ul>\n<li>Vurder \u00e5 tilby gratis levering over en viss ordreverdi, for \u00e5 oppmuntre kundene dine til \u00e5 \u00f8ke st\u00f8rrelsen p\u00e5 handlekurven.<\/li>\n<li>Introduser 24-timers eller 48-timers levering, hvis dette er mulig med din transportleverand\u00f8r.<\/li>\n<li>Tilby flere mulige leveringsmetoder (til forskjellige priser): hjemlevering, utleveringssted, pakkeboks, klikk-og-hent osv.<\/li>\n<li>Fremhev dine milj\u00f8ansvarlige leveringsmetoder. Dette er et interessant salgsargument for kundene dine! Kontakt din transport\u00f8r og sjekk ut hvilke milj\u00f8vennlige leveringsl\u00f8sninger de kan tilby.<\/li>\n<li>Fremhev deretter disse fordelene i nettbutikken, i form av bannere p\u00e5 forsiden og produktsidene, og i b\u00e5de handlekurv og kasse.<\/li>\n<\/ul>\n<p>&nbsp;<\/p>\n<p>Sjekk ogs\u00e5 om transport\u00f8ren er godt forberedt til h\u00f8ysesongen. Tilbyr de et pakkesporingssystem? Klarer de \u00e5 levere innen de avtalte leveringstidene, selv i h\u00f8ysesongen? Dette er faktorer som vil gj\u00f8re en forskjell for kundene dine.<\/p>\n<p>&nbsp;<\/p>\n<h2><span class=\"ez-toc-section\" id=\"5_Tenk_gjennom_din_strategi_for_returer\"><\/span><strong>5. Tenk gjennom din strategi for returer<\/strong><span class=\"ez-toc-section-end\"><\/span><\/h2>\n<p>Black Friday kan v\u00e6re en god mulighet til \u00e5 gjennomg\u00e5 returbetingelsene i nettbutikken. Mange av kundene dine kan bli tiltrukket av kampanjene i en nettbutikk, men enkelte vil ofte returnere varene etter \u00e5 ha mottatt dem.<\/p>\n<p>Gratis returer kan v\u00e6re et tiltak for \u00e5 \u00f8ke salget p\u00e5 Black Friday, men du m\u00e5 kommunisere tydelig hvilke returbetingelser som gjelder. Som alltid er det <a href=\"https:\/\/www.forbrukertilsynet.no\/lov-og-rett\/angrerettloven#:~:text=Angrerettloven%20gir%20forbrukere%20krav%20p%C3%A5%20en%20rekke%20viktige,forbrukerens%20rett%20til%20%C3%A5%20angre%20p%C3%A5%20slike%20kj%C3%B8p.\">angrerettsreglene<\/a> som gjelder, men har du enda bedre betingelser enn det lovverket krever, b\u00f8r du kommunisere dette tydelig, da det kan gi et konkurransefortrinn.<\/p>\n<p>Du b\u00f8r ogs\u00e5 vurdere \u00e5 bruke <a href=\"https:\/\/www.rajapack.no\/ehandel\/returemballasje_C9634.html\" target=\"_blank\" rel=\"noopener\">returemballasje<\/a>, som vil gj\u00f8re kunderetur enklere for forbrukere og beskytte varene dine n\u00e5r de sendes tilbake.<\/p>\n<figure id=\"attachment_13218\" aria-describedby=\"caption-attachment-13218\" style=\"width: 419px\" class=\"wp-caption aligncenter\"><img loading=\"lazy\" decoding=\"async\" class=\"wp-image-13218 size-full\" src=\"https:\/\/www.rajapack.no\/blog-no\/wp-content\/uploads\/2023\/11\/e-handelspose-retur.png\" alt=\"e-handelspose retur\" width=\"419\" height=\"347\" \/><figcaption id=\"caption-attachment-13218\" class=\"wp-caption-text\"><em>E-handelsposer med dobbel limstripe er godt egnet som returemballasje<\/em><\/figcaption><\/figure>\n<p>&nbsp;<\/p>\n<h2><span class=\"ez-toc-section\" id=\"6_Bygg_kundelojalitet_etter_Black_Friday_og_hoysesongen_i_nettbutikken_din\"><\/span><strong>6. Bygg kundelojalitet etter Black Friday og h\u00f8ysesongen i nettbutikken din<\/strong><span class=\"ez-toc-section-end\"><\/span><\/h2>\n<p>\u00c5 gj\u00f8re Black Friday-salg p\u00e5 e-handelssiden din er vel og bra \u2013 men det er enda bedre \u00e5 holde kundene lojale etter h\u00f8ysesongen.<\/p>\n<p>For \u00e5 gj\u00f8re dette kan du innf\u00f8re ulike lojalitetsbyggende aktiviteter: p\u00e5f\u00f8lgende kampanjer via nyhetsbrevet ditt, starte opp et lojalitets- eller kundeprogram, vervekampanjer, retargeting-annonsering, etc.<\/p>\n<p>Men ikke glem emballasjen, som ogs\u00e5 kan gj\u00f8re et viktig bidrag for \u00e5 bygge lojalitet. N\u00e5r kundene mottar ordrene sine i emballasje som forbedrer kundeopplevelsen, vil de huske bestillingen i lang tid fremover.<\/p>\n<p>Vi anbefaler \u00e5 bruke personlig tilpasset emballasje med nettbutikkens egen branding, enten med trykk av logoen din, eller med pakketape eller etikett med trykk. Du kan ogs\u00e5 ha med et tilleggsbudskap p\u00e5 emballasjen, som en QR-kode som tilbyr en ekstra rabatt, eller et annet godt tilbud.<\/p>\n<p><a href=\"https:\/\/www.rajapack.no\/spesialtilpasset-emballasje_cms_000069.html\" target=\"_blank\" rel=\"noopener\">Les mer om personlig tilpasset emballasje her<\/a>.<\/p>\n<p>&nbsp;<\/p>\n<h2><span class=\"ez-toc-section\" id=\"For_a_oppsummere\"><\/span>For \u00e5 oppsummere:<span class=\"ez-toc-section-end\"><\/span><\/h2>\n<p>For \u00e5 gj\u00f8re nettbutikken din klar for Black Friday og h\u00f8ysesong, tenk p\u00e5 \u00e5 differensiere deg, b\u00e5de n\u00e5r det gjelder markedsf\u00f8ring og logistikk. Da vil v\u00e6re klar til \u00e5 ta imot \u00f8kt salg, og bygge lojalitet blant b\u00e5de nye og gamle kunder.<\/p>\n<p>&nbsp;<\/p>\n<p>Vil du ha flere tips til effektiv pakking for nettbutikker? Ta kontakt med RAJAs kundesenter p\u00e5 telefon 22 51 40 00 eller <a href=\"mailto:post@rajapack.no\">post@rajapack.no<\/a>.<\/p>\n<p>&nbsp;<\/p>\n","protected":false},"excerpt":{"rendered":"<p>Black Friday, som finner sted den siste fredagen i november, har blitt sv\u00e6rt godt innarbeidet blant norske nettbutikker og annen detaljhandel. Black Friday har g\u00e5tt mer og mer over til [&#8230;]<\/p>\n","protected":false},"author":69,"featured_media":13213,"comment_status":"open","ping_status":"open","sticky":false,"template":"","format":"standard","meta":{"_acf_changed":false,"footnotes":""},"categories":[2,7],"tags":[21,26,45,51],"class_list":["post-13212","post","type-post","status-publish","format-standard","has-post-thumbnail","hentry","category-e-handel-og-logistikk","category-rad-og-tips","tag-e-handel","tag-emballasje","tag-logistikk","tag-nettbutikk"],"acf":[],"yoast_head":"\n<title>Gj\u00f8r nettbutikken din klar til Black Friday og h\u00f8ysesong! RAJA<\/title>\n<meta name=\"description\" content=\"Black Friday og Black Week er for mange den uken hvor julehandelen starter. Her f\u00e5r du logistikktips for nettbutikker foran \u00e5rets h\u00f8ysesong.\" \/>\n<meta name=\"robots\" content=\"index, follow, max-snippet:-1, max-image-preview:large, max-video-preview:-1\" \/>\n<link rel=\"canonical\" href=\"https:\/\/www.rajapack.no\/blog-no\/gjor-nettbutikken-din-klar-til-black-friday\" \/>\n<meta property=\"og:locale\" content=\"nb_NO\" \/>\n<meta property=\"og:type\" content=\"article\" \/>\n<meta property=\"og:title\" content=\"Gj\u00f8r nettbutikken din klar til Black Friday og h\u00f8ysesong! RAJA\" \/>\n<meta property=\"og:description\" content=\"Black Friday og Black Week er for mange den uken hvor julehandelen starter. Her f\u00e5r du logistikktips for nettbutikker foran \u00e5rets h\u00f8ysesong.\" \/>\n<meta property=\"og:url\" content=\"https:\/\/www.rajapack.no\/blog-no\/gjor-nettbutikken-din-klar-til-black-friday\" \/>\n<meta property=\"og:site_name\" content=\"SMART OG B\u00c6REKRAFTIG EMBALLASJE | Rajapack NORGE\" \/>\n<meta property=\"article:publisher\" content=\"https:\/\/www.facebook.com\/rajanorge\/\" \/>\n<meta property=\"article:published_time\" content=\"2023-11-15T15:47:00+00:00\" \/>\n<meta property=\"article:modified_time\" content=\"2024-08-30T15:44:48+00:00\" \/>\n<meta property=\"og:image\" content=\"https:\/\/www.rajapack.no\/blog-no\/wp-content\/uploads\/2023\/11\/forbered-nettbutikk-black-friday.jpeg\" \/>\n\t<meta property=\"og:image:width\" content=\"2000\" \/>\n\t<meta property=\"og:image:height\" content=\"1333\" \/>\n\t<meta property=\"og:image:type\" content=\"image\/jpeg\" \/>\n<meta name=\"author\" content=\"Ingunn KRISTIANSEN\" \/>\n<meta name=\"twitter:card\" content=\"summary_large_image\" \/>\n<meta name=\"twitter:label1\" content=\"Skrevet av\" \/>\n\t<meta name=\"twitter:data1\" content=\"Ingunn KRISTIANSEN\" \/>\n\t<meta name=\"twitter:label2\" content=\"Ansl. lesetid\" \/>\n\t<meta name=\"twitter:data2\" content=\"7 minutter\" \/>\n<script type=\"application\/ld+json\" class=\"yoast-schema-graph\">{\n\t    \"@context\": \"https:\/\/schema.org\",\n\t    \"@graph\": [\n\t        {\n\t            \"@type\": \"Article\",\n\t            \"@id\": \"https:\/\/www.rajapack.no\/blog-no\/gjor-nettbutikken-din-klar-til-black-friday#article\",\n\t            \"isPartOf\": {\n\t                \"@id\": \"https:\/\/www.rajapack.no\/blog-no\/gjor-nettbutikken-din-klar-til-black-friday\"\n\t            },\n\t            \"author\": {\n\t                \"name\": \"Ingunn KRISTIANSEN\",\n\t                \"@id\": \"https:\/\/www.rajapack.no\/blog-no\/#\/schema\/person\/309feab02f6c5726f78b2ad5a56f9d62\"\n\t            },\n\t            \"headline\": \"Gj\u00f8r nettbutikken din klar til Black Friday og h\u00f8ysesong!\",\n\t            \"datePublished\": \"2023-11-15T15:47:00+00:00\",\n\t            \"dateModified\": \"2024-08-30T15:44:48+00:00\",\n\t            \"mainEntityOfPage\": {\n\t                \"@id\": \"https:\/\/www.rajapack.no\/blog-no\/gjor-nettbutikken-din-klar-til-black-friday\"\n\t            },\n\t            \"wordCount\": 1179,\n\t            \"commentCount\": 0,\n\t            \"publisher\": {\n\t                \"@id\": \"https:\/\/www.rajapack.no\/blog-no\/#organization\"\n\t            },\n\t            \"image\": {\n\t                \"@id\": \"https:\/\/www.rajapack.no\/blog-no\/gjor-nettbutikken-din-klar-til-black-friday#primaryimage\"\n\t            },\n\t            \"thumbnailUrl\": \"https:\/\/www.rajapack.no\/blog-no\/wp-content\/uploads\/2023\/11\/forbered-nettbutikk-black-friday.jpeg\",\n\t            \"keywords\": [\n\t                \"e-handel\",\n\t                \"emballasje\",\n\t                \"logistikk\",\n\t                \"nettbutikk\"\n\t            ],\n\t            \"articleSection\": [\n\t                \"E-handel og logistikk\",\n\t                \"R\u00e5d og tips\"\n\t            ],\n\t            \"inLanguage\": \"nb-NO\",\n\t            \"potentialAction\": [\n\t                {\n\t                    \"@type\": \"CommentAction\",\n\t                    \"name\": \"Comment\",\n\t                    \"target\": [\n\t                        \"https:\/\/www.rajapack.no\/blog-no\/gjor-nettbutikken-din-klar-til-black-friday#respond\"\n\t                    ]\n\t                }\n\t            ]\n\t        },\n\t        {\n\t            \"@type\": \"WebPage\",\n\t            \"@id\": \"https:\/\/www.rajapack.no\/blog-no\/gjor-nettbutikken-din-klar-til-black-friday\",\n\t            \"url\": \"https:\/\/www.rajapack.no\/blog-no\/gjor-nettbutikken-din-klar-til-black-friday\",\n\t            \"name\": \"Gj\u00f8r nettbutikken din klar til Black Friday og h\u00f8ysesong! RAJA\",\n\t            \"isPartOf\": {\n\t                \"@id\": \"https:\/\/www.rajapack.no\/blog-no\/#website\"\n\t            },\n\t            \"primaryImageOfPage\": {\n\t                \"@id\": \"https:\/\/www.rajapack.no\/blog-no\/gjor-nettbutikken-din-klar-til-black-friday#primaryimage\"\n\t            },\n\t            \"image\": {\n\t                \"@id\": \"https:\/\/www.rajapack.no\/blog-no\/gjor-nettbutikken-din-klar-til-black-friday#primaryimage\"\n\t            },\n\t            \"thumbnailUrl\": \"https:\/\/www.rajapack.no\/blog-no\/wp-content\/uploads\/2023\/11\/forbered-nettbutikk-black-friday.jpeg\",\n\t            \"datePublished\": \"2023-11-15T15:47:00+00:00\",\n\t            \"dateModified\": \"2024-08-30T15:44:48+00:00\",\n\t            \"description\": \"Black Friday og Black Week er for mange den uken hvor julehandelen starter. Her f\u00e5r du logistikktips for nettbutikker foran \u00e5rets h\u00f8ysesong.\",\n\t            \"inLanguage\": \"nb-NO\",\n\t            \"potentialAction\": [\n\t                {\n\t                    \"@type\": \"ReadAction\",\n\t                    \"target\": [\n\t                        \"https:\/\/www.rajapack.no\/blog-no\/gjor-nettbutikken-din-klar-til-black-friday\"\n\t                    ]\n\t                }\n\t            ]\n\t        },\n\t        {\n\t            \"@type\": \"ImageObject\",\n\t            \"inLanguage\": \"nb-NO\",\n\t            \"@id\": \"https:\/\/www.rajapack.no\/blog-no\/gjor-nettbutikken-din-klar-til-black-friday#primaryimage\",\n\t            \"url\": \"https:\/\/www.rajapack.no\/blog-no\/wp-content\/uploads\/2023\/11\/forbered-nettbutikk-black-friday.jpeg\",\n\t            \"contentUrl\": \"https:\/\/www.rajapack.no\/blog-no\/wp-content\/uploads\/2023\/11\/forbered-nettbutikk-black-friday.jpeg\",\n\t            \"width\": 2000,\n\t            \"height\": 1333,\n\t            \"caption\": \"Woman opening Black Friday box at home.\"\n\t        },\n\t        {\n\t            \"@type\": \"WebSite\",\n\t            \"@id\": \"https:\/\/www.rajapack.no\/blog-no\/#website\",\n\t            \"url\": \"https:\/\/www.rajapack.no\/blog-no\/\",\n\t            \"name\": \"SMART OG B\u00c6REKRAFTIG EMBALLASJE | Rajapack NORGE\",\n\t            \"description\": \"R\u00c5D OM SMART OG B\u00c6REKRAFTIG EMBALLASJE\",\n\t            \"publisher\": {\n\t                \"@id\": \"https:\/\/www.rajapack.no\/blog-no\/#organization\"\n\t            },\n\t            \"potentialAction\": [\n\t                {\n\t                    \"@type\": \"SearchAction\",\n\t                    \"target\": {\n\t                        \"@type\": \"EntryPoint\",\n\t                        \"urlTemplate\": \"https:\/\/www.rajapack.no\/blog-no\/?s={search_term_string}\"\n\t                    },\n\t                    \"query-input\": \"required name=search_term_string\"\n\t                }\n\t            ],\n\t            \"inLanguage\": \"nb-NO\"\n\t        },\n\t        {\n\t            \"@type\": \"Organization\",\n\t            \"@id\": \"https:\/\/www.rajapack.no\/blog-no\/#organization\",\n\t            \"name\": \"SMART OG B\u00c6REKRAFTIG EMBALLASJE | Rajapack NORGE\",\n\t            \"url\": \"https:\/\/www.rajapack.no\/blog-no\/\",\n\t            \"logo\": {\n\t                \"@type\": \"ImageObject\",\n\t                \"inLanguage\": \"nb-NO\",\n\t                \"@id\": \"https:\/\/www.rajapack.no\/blog-no\/#\/schema\/logo\/image\/\",\n\t                \"url\": \"https:\/\/www.rajapack.no\/blog-no\/wp-content\/uploads\/2019\/08\/NO-blog-logo-0919-1.png\",\n\t                \"contentUrl\": \"https:\/\/www.rajapack.no\/blog-no\/wp-content\/uploads\/2019\/08\/NO-blog-logo-0919-1.png\",\n\t                \"width\": 572,\n\t                \"height\": 119,\n\t                \"caption\": \"SMART OG B\u00c6REKRAFTIG EMBALLASJE | Rajapack NORGE\"\n\t            },\n\t            \"image\": {\n\t                \"@id\": \"https:\/\/www.rajapack.no\/blog-no\/#\/schema\/logo\/image\/\"\n\t            },\n\t            \"sameAs\": [\n\t                \"https:\/\/www.facebook.com\/rajanorge\/\",\n\t                \"https:\/\/www.instagram.com\/rajanorge\/\",\n\t                \"https:\/\/www.linkedin.com\/company\/rajanorge\/\",\n\t                \"https:\/\/www.youtube.com\/user\/rajapacknorge\"\n\t            ]\n\t        },\n\t        {\n\t            \"@type\": \"Person\",\n\t            \"@id\": \"https:\/\/www.rajapack.no\/blog-no\/#\/schema\/person\/309feab02f6c5726f78b2ad5a56f9d62\",\n\t            \"name\": \"Ingunn KRISTIANSEN\",\n\t            \"image\": {\n\t                \"@type\": \"ImageObject\",\n\t                \"inLanguage\": \"nb-NO\",\n\t                \"@id\": \"https:\/\/www.rajapack.no\/blog-no\/#\/schema\/person\/image\/\",\n\t                \"url\": \"https:\/\/secure.gravatar.com\/avatar\/2f4788eda2fa197caba5482d7250e8a7?s=96&d=mm&r=g\",\n\t                \"contentUrl\": \"https:\/\/secure.gravatar.com\/avatar\/2f4788eda2fa197caba5482d7250e8a7?s=96&d=mm&r=g\",\n\t                \"caption\": \"Ingunn KRISTIANSEN\"\n\t            },\n\t            \"sameAs\": [\n\t                \"https:\/\/www.rajapack.no\"\n\t            ],\n\t            \"url\": \"https:\/\/www.rajapack.no\/blog-no\/author\/ingunn\"\n\t        }\n\t    ]\n\t}<\/script>\n","yoast_head_json":{"title":"Gj\u00f8r nettbutikken din klar til Black Friday og h\u00f8ysesong! RAJA","description":"Black Friday og Black Week er for mange den uken hvor julehandelen starter. Her f\u00e5r du logistikktips for nettbutikker foran \u00e5rets h\u00f8ysesong.","robots":{"index":"index","follow":"follow","max-snippet":"max-snippet:-1","max-image-preview":"max-image-preview:large","max-video-preview":"max-video-preview:-1"},"canonical":"https:\/\/www.rajapack.no\/blog-no\/gjor-nettbutikken-din-klar-til-black-friday","og_locale":"nb_NO","og_type":"article","og_title":"Gj\u00f8r nettbutikken din klar til Black Friday og h\u00f8ysesong! RAJA","og_description":"Black Friday og Black Week er for mange den uken hvor julehandelen starter. Her f\u00e5r du logistikktips for nettbutikker foran \u00e5rets h\u00f8ysesong.","og_url":"https:\/\/www.rajapack.no\/blog-no\/gjor-nettbutikken-din-klar-til-black-friday","og_site_name":"SMART OG B\u00c6REKRAFTIG EMBALLASJE | Rajapack NORGE","article_publisher":"https:\/\/www.facebook.com\/rajanorge\/","article_published_time":"2023-11-15T15:47:00+00:00","article_modified_time":"2024-08-30T15:44:48+00:00","og_image":[{"width":2000,"height":1333,"url":"https:\/\/www.rajapack.no\/blog-no\/wp-content\/uploads\/2023\/11\/forbered-nettbutikk-black-friday.jpeg","type":"image\/jpeg"}],"author":"Ingunn KRISTIANSEN","twitter_card":"summary_large_image","twitter_misc":{"Skrevet av":"Ingunn KRISTIANSEN","Ansl. lesetid":"7 minutter"},"schema":{"@context":"https:\/\/schema.org","@graph":[{"@type":"Article","@id":"https:\/\/www.rajapack.no\/blog-no\/gjor-nettbutikken-din-klar-til-black-friday#article","isPartOf":{"@id":"https:\/\/www.rajapack.no\/blog-no\/gjor-nettbutikken-din-klar-til-black-friday"},"author":{"name":"Ingunn KRISTIANSEN","@id":"https:\/\/www.rajapack.no\/blog-no\/#\/schema\/person\/309feab02f6c5726f78b2ad5a56f9d62"},"headline":"Gj\u00f8r nettbutikken din klar til Black Friday og h\u00f8ysesong!","datePublished":"2023-11-15T15:47:00+00:00","dateModified":"2024-08-30T15:44:48+00:00","mainEntityOfPage":{"@id":"https:\/\/www.rajapack.no\/blog-no\/gjor-nettbutikken-din-klar-til-black-friday"},"wordCount":1179,"commentCount":0,"publisher":{"@id":"https:\/\/www.rajapack.no\/blog-no\/#organization"},"image":{"@id":"https:\/\/www.rajapack.no\/blog-no\/gjor-nettbutikken-din-klar-til-black-friday#primaryimage"},"thumbnailUrl":"https:\/\/www.rajapack.no\/blog-no\/wp-content\/uploads\/2023\/11\/forbered-nettbutikk-black-friday.jpeg","keywords":["e-handel","emballasje","logistikk","nettbutikk"],"articleSection":["E-handel og logistikk","R\u00e5d og tips"],"inLanguage":"nb-NO","potentialAction":[{"@type":"CommentAction","name":"Comment","target":["https:\/\/www.rajapack.no\/blog-no\/gjor-nettbutikken-din-klar-til-black-friday#respond"]}]},{"@type":"WebPage","@id":"https:\/\/www.rajapack.no\/blog-no\/gjor-nettbutikken-din-klar-til-black-friday","url":"https:\/\/www.rajapack.no\/blog-no\/gjor-nettbutikken-din-klar-til-black-friday","name":"Gj\u00f8r nettbutikken din klar til Black Friday og h\u00f8ysesong! RAJA","isPartOf":{"@id":"https:\/\/www.rajapack.no\/blog-no\/#website"},"primaryImageOfPage":{"@id":"https:\/\/www.rajapack.no\/blog-no\/gjor-nettbutikken-din-klar-til-black-friday#primaryimage"},"image":{"@id":"https:\/\/www.rajapack.no\/blog-no\/gjor-nettbutikken-din-klar-til-black-friday#primaryimage"},"thumbnailUrl":"https:\/\/www.rajapack.no\/blog-no\/wp-content\/uploads\/2023\/11\/forbered-nettbutikk-black-friday.jpeg","datePublished":"2023-11-15T15:47:00+00:00","dateModified":"2024-08-30T15:44:48+00:00","description":"Black Friday og Black Week er for mange den uken hvor julehandelen starter. Her f\u00e5r du logistikktips for nettbutikker foran \u00e5rets h\u00f8ysesong.","inLanguage":"nb-NO","potentialAction":[{"@type":"ReadAction","target":["https:\/\/www.rajapack.no\/blog-no\/gjor-nettbutikken-din-klar-til-black-friday"]}]},{"@type":"ImageObject","inLanguage":"nb-NO","@id":"https:\/\/www.rajapack.no\/blog-no\/gjor-nettbutikken-din-klar-til-black-friday#primaryimage","url":"https:\/\/www.rajapack.no\/blog-no\/wp-content\/uploads\/2023\/11\/forbered-nettbutikk-black-friday.jpeg","contentUrl":"https:\/\/www.rajapack.no\/blog-no\/wp-content\/uploads\/2023\/11\/forbered-nettbutikk-black-friday.jpeg","width":2000,"height":1333,"caption":"Woman opening Black Friday box at home."},{"@type":"WebSite","@id":"https:\/\/www.rajapack.no\/blog-no\/#website","url":"https:\/\/www.rajapack.no\/blog-no\/","name":"SMART OG B\u00c6REKRAFTIG EMBALLASJE | Rajapack NORGE","description":"R\u00c5D OM SMART OG B\u00c6REKRAFTIG EMBALLASJE","publisher":{"@id":"https:\/\/www.rajapack.no\/blog-no\/#organization"},"potentialAction":[{"@type":"SearchAction","target":{"@type":"EntryPoint","urlTemplate":"https:\/\/www.rajapack.no\/blog-no\/?s={search_term_string}"},"query-input":"required name=search_term_string"}],"inLanguage":"nb-NO"},{"@type":"Organization","@id":"https:\/\/www.rajapack.no\/blog-no\/#organization","name":"SMART OG B\u00c6REKRAFTIG EMBALLASJE | Rajapack NORGE","url":"https:\/\/www.rajapack.no\/blog-no\/","logo":{"@type":"ImageObject","inLanguage":"nb-NO","@id":"https:\/\/www.rajapack.no\/blog-no\/#\/schema\/logo\/image\/","url":"https:\/\/www.rajapack.no\/blog-no\/wp-content\/uploads\/2019\/08\/NO-blog-logo-0919-1.png","contentUrl":"https:\/\/www.rajapack.no\/blog-no\/wp-content\/uploads\/2019\/08\/NO-blog-logo-0919-1.png","width":572,"height":119,"caption":"SMART OG B\u00c6REKRAFTIG EMBALLASJE | Rajapack NORGE"},"image":{"@id":"https:\/\/www.rajapack.no\/blog-no\/#\/schema\/logo\/image\/"},"sameAs":["https:\/\/www.facebook.com\/rajanorge\/","https:\/\/www.instagram.com\/rajanorge\/","https:\/\/www.linkedin.com\/company\/rajanorge\/","https:\/\/www.youtube.com\/user\/rajapacknorge"]},{"@type":"Person","@id":"https:\/\/www.rajapack.no\/blog-no\/#\/schema\/person\/309feab02f6c5726f78b2ad5a56f9d62","name":"Ingunn KRISTIANSEN","image":{"@type":"ImageObject","inLanguage":"nb-NO","@id":"https:\/\/www.rajapack.no\/blog-no\/#\/schema\/person\/image\/","url":"https:\/\/secure.gravatar.com\/avatar\/2f4788eda2fa197caba5482d7250e8a7?s=96&d=mm&r=g","contentUrl":"https:\/\/secure.gravatar.com\/avatar\/2f4788eda2fa197caba5482d7250e8a7?s=96&d=mm&r=g","caption":"Ingunn KRISTIANSEN"},"sameAs":["https:\/\/www.rajapack.no"],"url":"https:\/\/www.rajapack.no\/blog-no\/author\/ingunn"}]}},"_links":{"self":[{"href":"https:\/\/www.rajapack.no\/blog-no\/wp-json\/wp\/v2\/posts\/13212"}],"collection":[{"href":"https:\/\/www.rajapack.no\/blog-no\/wp-json\/wp\/v2\/posts"}],"about":[{"href":"https:\/\/www.rajapack.no\/blog-no\/wp-json\/wp\/v2\/types\/post"}],"author":[{"embeddable":true,"href":"https:\/\/www.rajapack.no\/blog-no\/wp-json\/wp\/v2\/users\/69"}],"replies":[{"embeddable":true,"href":"https:\/\/www.rajapack.no\/blog-no\/wp-json\/wp\/v2\/comments?post=13212"}],"version-history":[{"count":1,"href":"https:\/\/www.rajapack.no\/blog-no\/wp-json\/wp\/v2\/posts\/13212\/revisions"}],"predecessor-version":[{"id":13521,"href":"https:\/\/www.rajapack.no\/blog-no\/wp-json\/wp\/v2\/posts\/13212\/revisions\/13521"}],"wp:featuredmedia":[{"embeddable":true,"href":"https:\/\/www.rajapack.no\/blog-no\/wp-json\/wp\/v2\/media\/13213"}],"wp:attachment":[{"href":"https:\/\/www.rajapack.no\/blog-no\/wp-json\/wp\/v2\/media?parent=13212"}],"wp:term":[{"taxonomy":"category","embeddable":true,"href":"https:\/\/www.rajapack.no\/blog-no\/wp-json\/wp\/v2\/categories?post=13212"},{"taxonomy":"post_tag","embeddable":true,"href":"https:\/\/www.rajapack.no\/blog-no\/wp-json\/wp\/v2\/tags?post=13212"}],"curies":[{"name":"wp","href":"https:\/\/api.w.org\/{rel}","templated":true}]}}